{"id":1461,"date":"2025-05-13T07:21:36","date_gmt":"2025-05-13T07:21:36","guid":{"rendered":"https:\/\/www.weekend-provence.fr\/?p=1461"},"modified":"2025-11-17T13:47:18","modified_gmt":"2025-11-17T13:47:18","slug":"idees-de-sejours-pour-les-ponts-de-mai","status":"publish","type":"post","link":"https:\/\/www.weekend-provence.fr\/fr\/idees-de-sejours-pour-les-ponts-de-mai","title":{"rendered":"Id\u00e9es de s\u00e9jours pour les ponts de mai"},"content":{"rendered":"\n<div class=\"wp-block-group is-layout-constrained wp-block-group-is-layout-constrained\">\n<p class=\"has-text-align-center wp-block-paragraph\">Les ponts du mois de mai sont l\u2019occasion r\u00eav\u00e9e de s\u2019\u00e9vader sans attendre les grandes vacances. Notre territoire regorge d\u2019h\u00e9bergements insolites et de s\u00e9jours ressour\u00e7ants. Voici notre s\u00e9lection de <strong>weekends inoubliables<\/strong>, class\u00e9s par destination, pour profiter pleinement du mois de mai\u2026 et faire plaisir \u00e0 maman avec un s\u00e9jour sp\u00e9cial <strong>F\u00eate des M\u00e8res<\/strong> !<\/p>\n\n\n\n<div class=\"wp-block-cover alignfull is-light has-aspect-ratio\" style=\"border-radius:16px;aspect-ratio:16\/9;height:unset;min-height:unset;\"><span aria-hidden=\"true\" class=\"wp-block-cover__background has-background-dim-0 has-background-dim\" style=\"background-color:#878a98\"><\/span><img loading=\"lazy\" decoding=\"async\" width=\"2019\" height=\"1038\" src=\"https:\/\/www.weekend-provence.fr\/app\/uploads\/2025\/05\/Corniche-Esterel-1-002ok.webp\" class=\"wp-block-cover__image-background not-transparent wp-post-image\" alt=\"\" data-object-fit=\"cover\" data-object-position=\"42% 79%\" style=\"--dominant-color: #7e817c;object-position:42% 79%;\" srcset=\"https:\/\/www.weekend-provence.fr\/app\/uploads\/2025\/05\/Corniche-Esterel-1-002ok.webp 2019w, https:\/\/www.weekend-provence.fr\/app\/uploads\/2025\/05\/Corniche-Esterel-1-002ok-300x154.webp 300w, https:\/\/www.weekend-provence.fr\/app\/uploads\/2025\/05\/Corniche-Esterel-1-002ok-1024x526.webp 1024w, https:\/\/www.weekend-provence.fr\/app\/uploads\/2025\/05\/Corniche-Esterel-1-002ok-768x395.webp 768w, https:\/\/www.weekend-provence.fr\/app\/uploads\/2025\/05\/Corniche-Esterel-1-002ok-1536x790.webp 1536w\" sizes=\"auto, (max-width: 2019px) 100vw, 2019px\" data-has-transparency=\"false\" data-dominant-color=\"7e817c\" \/><div class=\"wp-block-cover__inner-container is-layout-constrained wp-block-cover-is-layout-constrained\">\n<p class=\"has-text-align-center has-large-font-size wp-block-paragraph\"><\/p>\n<\/div><\/div>\n\n\n\n<h2 class=\"wp-block-heading\">Est\u00e9rel C\u00f4te d\u2019Azur : escapades nature entre mer et for\u00eat<\/h2>\n\n\n\n<p class=\"wp-block-paragraph\">Partez \u00e0 la d\u00e9couverte de l&rsquo;Est\u00e9rel avec des exp\u00e9riences uniques au c\u0153ur d\u2019une nature pr\u00e9serv\u00e9e. C\u2019est la destination id\u00e9ale pour ceux qui recherchent <strong>d\u00e9paysement et confort<\/strong>.<\/p>\n\n\n\n<div class=\"wp-block-media-text is-stacked-on-mobile\" style=\"grid-template-columns:36% auto\"><figure class=\"wp-block-media-text__media\"><img data-dominant-color=\"858783\" data-has-transparency=\"false\" style=\"--dominant-color: #858783;\" loading=\"lazy\" decoding=\"async\" width=\"1024\" height=\"1024\" src=\"https:\/\/www.weekend-provence.fr\/app\/uploads\/2025\/05\/1-1024x1024.webp\" alt=\"\" class=\"wp-image-1464 size-full not-transparent\" srcset=\"https:\/\/www.weekend-provence.fr\/app\/uploads\/2025\/05\/1-1024x1024.webp 1024w, https:\/\/www.weekend-provence.fr\/app\/uploads\/2025\/05\/1-300x300.webp 300w, https:\/\/www.weekend-provence.fr\/app\/uploads\/2025\/05\/1-768x768.webp 768w, https:\/\/www.weekend-provence.fr\/app\/uploads\/2025\/05\/1.webp 1200w\" sizes=\"auto, (max-width: 1024px) 100vw, 1024px\" \/><\/figure><div class=\"wp-block-media-text__content\">\n<h4 class=\"wp-block-heading has-text-align-center\">Road trip insolite en van tout confort<\/h4>\n\n\n\n<p class=\"wp-block-paragraph\">Vivez la libert\u00e9 \u00e0 l\u2019\u00e9tat pur dans un van am\u00e9nag\u00e9 haut de gamme ! Partez \u00e0 l\u2019aventure sur la C\u00f4te d\u2019Azur, en toute autonomie, avec des suggestions d\u2019itin\u00e9raires pour explorer les tr\u00e9sors de la r\u00e9gion.<\/p>\n\n\n\n<p class=\"wp-block-paragraph\"><\/p>\n\n\n\n<div class=\"wp-block-buttons is-content-justification-center is-layout-flex wp-container-core-buttons-is-layout-9b3e53d3 wp-block-buttons-is-layout-flex\">\n<div class=\"wp-block-button\"><a class=\"wp-block-button__link has-text-align-center wp-element-button\" href=\"https:\/\/www.weekend-provence.fr\/fr\/weekends\/road-trip-insolite-en-van-tout-confort-5828138\" target=\"_blank\" rel=\"noreferrer noopener\">d\u00e9couvrir<\/a><\/div>\n<\/div>\n<\/div><\/div>\n\n\n\n<div class=\"wp-block-media-text has-media-on-the-right is-stacked-on-mobile\" style=\"grid-template-columns:auto 36%\"><div class=\"wp-block-media-text__content\">\n<h4 class=\"wp-block-heading has-text-align-center\">Ma bulle de verre sous les pins<\/h4>\n\n\n\n<p class=\"wp-block-paragraph\">Dormir \u00e0 la belle \u00e9toile\u2026 sans renoncer au confort ! Cette bulle transparente nich\u00e9e dans la pin\u00e8de vous offre une exp\u00e9rience magique et romantique.<\/p>\n\n\n\n<p class=\"wp-block-paragraph\"><\/p>\n\n\n\n<div class=\"wp-block-buttons is-content-justification-center is-layout-flex wp-container-core-buttons-is-layout-9b3e53d3 wp-block-buttons-is-layout-flex\">\n<div class=\"wp-block-button\"><a class=\"wp-block-button__link has-text-align-center wp-element-button\" href=\"https:\/\/www.weekend-provence.fr\/fr\/weekends\/ma-bulle-de-verre-sous-les-pins-5433771\" target=\"_blank\" rel=\"noreferrer noopener\">d\u00e9couvrir<\/a><\/div>\n<\/div>\n<\/div><figure class=\"wp-block-media-text__media\"><img data-dominant-color=\"787151\" data-has-transparency=\"false\" style=\"--dominant-color: #787151;\" loading=\"lazy\" decoding=\"async\" width=\"1024\" height=\"1024\" src=\"https:\/\/www.weekend-provence.fr\/app\/uploads\/2025\/05\/2-1024x1024.webp\" alt=\"\" class=\"wp-image-1466 size-full not-transparent\" srcset=\"https:\/\/www.weekend-provence.fr\/app\/uploads\/2025\/05\/2-1024x1024.webp 1024w, https:\/\/www.weekend-provence.fr\/app\/uploads\/2025\/05\/2-300x300.webp 300w, https:\/\/www.weekend-provence.fr\/app\/uploads\/2025\/05\/2-768x768.webp 768w, https:\/\/www.weekend-provence.fr\/app\/uploads\/2025\/05\/2.webp 1200w\" sizes=\"auto, (max-width: 1024px) 100vw, 1024px\" \/><\/figure><\/div>\n\n\n\n<div class=\"wp-block-media-text is-stacked-on-mobile\" style=\"grid-template-columns:36% auto\"><figure class=\"wp-block-media-text__media\"><img data-dominant-color=\"60635c\" data-has-transparency=\"false\" style=\"--dominant-color: #60635c;\" loading=\"lazy\" decoding=\"async\" width=\"1024\" height=\"1024\" src=\"https:\/\/www.weekend-provence.fr\/app\/uploads\/2025\/05\/3-1024x1024.webp\" alt=\"\" class=\"wp-image-1468 size-full not-transparent\" srcset=\"https:\/\/www.weekend-provence.fr\/app\/uploads\/2025\/05\/3-1024x1024.webp 1024w, https:\/\/www.weekend-provence.fr\/app\/uploads\/2025\/05\/3-300x300.webp 300w, https:\/\/www.weekend-provence.fr\/app\/uploads\/2025\/05\/3-768x768.webp 768w, https:\/\/www.weekend-provence.fr\/app\/uploads\/2025\/05\/3.webp 1200w\" sizes=\"auto, (max-width: 1024px) 100vw, 1024px\" \/><\/figure><div class=\"wp-block-media-text__content\">\n<h4 class=\"wp-block-heading has-text-align-center\">Escapade en lodge moderne et \u00e9colo<\/h4>\n\n\n\n<p class=\"wp-block-paragraph\">Pour les amoureux de nature et de design, ce lodge \u00e9co-con\u00e7u allie intimit\u00e9, bien-\u00eatre et respect de l\u2019environnement.<\/p>\n\n\n\n<p class=\"wp-block-paragraph\"><\/p>\n\n\n\n<div class=\"wp-block-buttons is-content-justification-center is-layout-flex wp-container-core-buttons-is-layout-9b3e53d3 wp-block-buttons-is-layout-flex\">\n<div class=\"wp-block-button\"><a class=\"wp-block-button__link has-text-align-center wp-element-button\" href=\"https:\/\/www.weekend-provence.fr\/fr\/weekends\/escapade-en-lodge-moderne-et-ecolo-7253588\" target=\"_blank\" rel=\"noreferrer noopener\">d\u00e9couvrir<\/a><\/div>\n<\/div>\n<\/div><\/div>\n<\/div>\n\n\n\n<div class=\"wp-block-group is-layout-constrained wp-block-group-is-layout-constrained\">\n<h2 class=\"wp-block-heading\">Golfe de Saint-Tropez : \u00e9l\u00e9gance et d\u00e9tente en bord de mer<\/h2>\n\n\n\n<p class=\"wp-block-paragraph\">La destination chic par excellence pour un s\u00e9jour entre <strong>plages, vignobles et villages pittoresques<\/strong>.<\/p>\n\n\n\n<div class=\"wp-block-media-text is-stacked-on-mobile\" style=\"grid-template-columns:36% auto\"><figure class=\"wp-block-media-text__media\"><img data-dominant-color=\"908664\" data-has-transparency=\"false\" style=\"--dominant-color: #908664;\" loading=\"lazy\" decoding=\"async\" width=\"1024\" height=\"1024\" src=\"https:\/\/www.weekend-provence.fr\/app\/uploads\/2025\/05\/1-1-1024x1024.webp\" alt=\"\" class=\"wp-image-1470 size-full not-transparent\" srcset=\"https:\/\/www.weekend-provence.fr\/app\/uploads\/2025\/05\/1-1-1024x1024.webp 1024w, https:\/\/www.weekend-provence.fr\/app\/uploads\/2025\/05\/1-1-300x300.webp 300w, https:\/\/www.weekend-provence.fr\/app\/uploads\/2025\/05\/1-1-768x768.webp 768w, https:\/\/www.weekend-provence.fr\/app\/uploads\/2025\/05\/1-1.webp 1200w\" sizes=\"auto, (max-width: 1024px) 100vw, 1024px\" \/><\/figure><div class=\"wp-block-media-text__content\">\n<h4 class=\"wp-block-heading has-text-align-center\">Nuit d\u2019Amour au c\u0153ur d\u2019un vignoble 4*<\/h4>\n\n\n\n<p class=\"wp-block-paragraph\">Offrez-vous une nuit romantique dans un domaine viticole de charme, avec spa, piscine et d\u00e9gustation.<\/p>\n\n\n\n<p class=\"wp-block-paragraph\"><\/p>\n\n\n\n<div class=\"wp-block-buttons is-content-justification-center is-layout-flex wp-container-core-buttons-is-layout-9b3e53d3 wp-block-buttons-is-layout-flex\">\n<div class=\"wp-block-button\"><a class=\"wp-block-button__link has-text-align-center wp-element-button\" href=\"https:\/\/www.weekend-provence.fr\/fr\/weekends\/nuit-d-amour-au-coeur-d-un-vignoble-4-6691270\" target=\"_blank\" rel=\"noreferrer noopener\">d\u00e9couvrir<\/a><\/div>\n<\/div>\n<\/div><\/div>\n\n\n\n<div class=\"wp-block-media-text has-media-on-the-right is-stacked-on-mobile\" style=\"grid-template-columns:auto 36%\"><div class=\"wp-block-media-text__content\">\n<h4 class=\"wp-block-heading has-text-align-center\">\u00c9vasion en pleine nature, d\u00e9tente et jacuzzi<\/h4>\n\n\n\n<p class=\"wp-block-paragraph\">Un moment \u00e0 deux, coup\u00e9 du monde, dans une cabane en bois avec jacuzzi priv\u00e9 en pleine nature.<\/p>\n\n\n\n<p class=\"wp-block-paragraph\"><\/p>\n\n\n\n<div class=\"wp-block-buttons is-content-justification-center is-layout-flex wp-container-core-buttons-is-layout-9b3e53d3 wp-block-buttons-is-layout-flex\">\n<div class=\"wp-block-button\"><a class=\"wp-block-button__link has-text-align-center wp-element-button\" href=\"https:\/\/www.weekend-provence.fr\/fr\/weekends\/evasion-en-pleine-nature-detente-et-jacuzzi-4901996\" target=\"_blank\" rel=\"noreferrer noopener\">d\u00e9couvrir<\/a><\/div>\n<\/div>\n\n\n\n<div class=\"wp-block-media-text is-stacked-on-mobile\" style=\"grid-template-columns:36% auto\"><figure class=\"wp-block-media-text__media\"><img data-dominant-color=\"828c8d\" data-has-transparency=\"false\" style=\"--dominant-color: #828c8d;\" loading=\"lazy\" decoding=\"async\" width=\"1024\" height=\"1024\" src=\"https:\/\/www.weekend-provence.fr\/app\/uploads\/2025\/05\/3-1-1024x1024.webp\" alt=\"\" class=\"wp-image-1474 size-full not-transparent\" srcset=\"https:\/\/www.weekend-provence.fr\/app\/uploads\/2025\/05\/3-1-1024x1024.webp 1024w, https:\/\/www.weekend-provence.fr\/app\/uploads\/2025\/05\/3-1-300x300.webp 300w, https:\/\/www.weekend-provence.fr\/app\/uploads\/2025\/05\/3-1-768x768.webp 768w, https:\/\/www.weekend-provence.fr\/app\/uploads\/2025\/05\/3-1.webp 1200w\" sizes=\"auto, (max-width: 1024px) 100vw, 1024px\" \/><\/figure><div class=\"wp-block-media-text__content\">\n<h4 class=\"wp-block-heading has-text-align-center\">Escapade au jardin du Rayol<\/h4>\n\n\n\n<p class=\"wp-block-paragraph\">Fl\u00e2nez dans un jardin luxuriant face \u00e0 la mer, avant de profiter d\u2019un h\u00e9bergement charmant \u00e0 proximit\u00e9.<\/p>\n\n\n\n<p class=\"wp-block-paragraph\"><\/p>\n\n\n\n<div class=\"wp-block-buttons is-content-justification-center is-layout-flex wp-container-core-buttons-is-layout-9b3e53d3 wp-block-buttons-is-layout-flex\">\n<div class=\"wp-block-button\"><a class=\"wp-block-button__link has-text-align-center wp-element-button\" href=\"https:\/\/www.weekend-provence.fr\/fr\/weekends\/escapade-au-jardin-du-rayol-5654903\" target=\"_blank\" rel=\"noreferrer noopener\">d\u00e9couvrir<\/a><\/div>\n<\/div>\n<\/div><\/div>\n<\/div><figure class=\"wp-block-media-text__media\"><img data-dominant-color=\"c1c3a2\" data-has-transparency=\"false\" style=\"--dominant-color: #c1c3a2;\" loading=\"lazy\" decoding=\"async\" width=\"1024\" height=\"1024\" src=\"https:\/\/www.weekend-provence.fr\/app\/uploads\/2025\/05\/2-1-1024x1024.webp\" alt=\"\" class=\"wp-image-1472 size-full not-transparent\" srcset=\"https:\/\/www.weekend-provence.fr\/app\/uploads\/2025\/05\/2-1-1024x1024.webp 1024w, https:\/\/www.weekend-provence.fr\/app\/uploads\/2025\/05\/2-1-300x300.webp 300w, https:\/\/www.weekend-provence.fr\/app\/uploads\/2025\/05\/2-1-768x768.webp 768w, https:\/\/www.weekend-provence.fr\/app\/uploads\/2025\/05\/2-1.webp 1200w\" sizes=\"auto, (max-width: 1024px) 100vw, 1024px\" \/><\/figure><\/div>\n<\/div>\n\n\n\n<div class=\"wp-block-group is-layout-constrained wp-block-group-is-layout-constrained\">\n<h3 class=\"wp-block-heading\">Sp\u00e9cial F\u00eate des M\u00e8res : offrez une parenth\u00e8se enchant\u00e9e<\/h3>\n\n\n\n<p class=\"wp-block-paragraph\">Envie de g\u00e2ter maman ou de partir en duo m\u00e8re-fille ? Voici trois id\u00e9es pleines de douceur.<\/p>\n\n\n\n<ul class=\"wp-block-list\">\n<li><strong>Bonne F\u00eate Maman \u00e0 Cavalaire<\/strong> : balade en mer et nuit douce | <a href=\"https:\/\/www.weekend-provence.fr\/fr\/weekends\/bonne-fete-maman-a-cavalaire-7283219\" target=\"_blank\" rel=\"noreferrer noopener\">D\u00e9couvrir<\/a><\/li>\n\n\n\n<li><strong>F\u00eate des m\u00e8res \u00e0 Sainte-Maxime<\/strong> : escapade tout confort | <a href=\"https:\/\/www.weekend-provence.fr\/fr\/weekends\/fete-des-meres-a-sainte-maxime-7296397\" target=\"_blank\" rel=\"noreferrer noopener\">D\u00e9couvrir<\/a><\/li>\n\n\n\n<li><strong>On va bien s\u2019amuser \u2013 Bonne F\u00eate Maman !<\/strong> : s\u00e9jour ludique et ressour\u00e7ant | <a href=\"https:\/\/www.weekend-provence.fr\/fr\/weekends\/on-va-bien-s-amuser-bonne-fete-maman-7291745\" target=\"_blank\" rel=\"noreferrer noopener\">D\u00e9couvrir<\/a><\/li>\n<\/ul>\n<\/div>\n\n\n\n<div class=\"wp-block-group is-layout-constrained wp-block-group-is-layout-constrained\">\n<h2 class=\"wp-block-heading\">Provence Verte &amp; Verdon : retour aux sources<\/h2>\n\n\n\n<p class=\"wp-block-paragraph\">Si vous r\u00eavez d\u2019authenticit\u00e9 et de paysages \u00e9poustouflants, cap sur l\u2019int\u00e9rieur des terres. Ici, <strong>slow tourism, nature et romantisme<\/strong> sont \u00e0 l\u2019honneur.<\/p>\n\n\n\n<div class=\"wp-block-media-text is-stacked-on-mobile\" style=\"grid-template-columns:36% auto\"><figure class=\"wp-block-media-text__media\"><img data-dominant-color=\"6e7d60\" data-has-transparency=\"false\" style=\"--dominant-color: #6e7d60;\" loading=\"lazy\" decoding=\"async\" width=\"1024\" height=\"1024\" src=\"https:\/\/www.weekend-provence.fr\/app\/uploads\/2025\/05\/photo6231992_1.webp\" alt=\"\" class=\"wp-image-1476 size-full not-transparent\" srcset=\"https:\/\/www.weekend-provence.fr\/app\/uploads\/2025\/05\/photo6231992_1.webp 1024w, https:\/\/www.weekend-provence.fr\/app\/uploads\/2025\/05\/photo6231992_1-300x300.webp 300w, https:\/\/www.weekend-provence.fr\/app\/uploads\/2025\/05\/photo6231992_1-768x768.webp 768w\" sizes=\"auto, (max-width: 1024px) 100vw, 1024px\" \/><\/figure><div class=\"wp-block-media-text__content\">\n<h4 class=\"wp-block-heading has-text-align-center\">D\u00e9lices &amp; Spa \u00e0 la pin\u00e8de<\/h4>\n\n\n\n<p class=\"wp-block-paragraph\">Un cocon gourmet avec spa privatif, au c\u0153ur d\u2019un \u00e9crin de verdure. Parfait pour se ressourcer.<\/p>\n\n\n\n<p class=\"wp-block-paragraph\"><\/p>\n\n\n\n<div class=\"wp-block-buttons is-content-justification-center is-layout-flex wp-container-core-buttons-is-layout-9b3e53d3 wp-block-buttons-is-layout-flex\">\n<div class=\"wp-block-button\"><a class=\"wp-block-button__link wp-element-button\" href=\"https:\/\/www.weekend-provence.fr\/fr\/weekends\/delices-et-spa-a-la-pinede-6231992\" target=\"_blank\" rel=\"noreferrer noopener\">d\u00e9couvrir<\/a><\/div>\n<\/div>\n<\/div><\/div>\n\n\n\n<div class=\"wp-block-media-text has-media-on-the-right is-stacked-on-mobile\" style=\"grid-template-columns:auto 36%\"><div class=\"wp-block-media-text__content\">\n<h4 class=\"wp-block-heading has-text-align-center\">Amour troglodyte en Provence<\/h4>\n\n\n\n<p class=\"wp-block-paragraph\">Dormez dans une v\u00e9ritable chambre troglodyte, taill\u00e9e dans la roche. Une exp\u00e9rience in\u00e9dite \u00e0 partager \u00e0 deux !<\/p>\n\n\n\n<p class=\"wp-block-paragraph\"><\/p>\n\n\n\n<div class=\"wp-block-buttons is-content-justification-center is-layout-flex wp-container-core-buttons-is-layout-9b3e53d3 wp-block-buttons-is-layout-flex\">\n<div class=\"wp-block-button\"><a class=\"wp-block-button__link wp-element-button\" href=\"https:\/\/www.weekend-provence.fr\/fr\/weekends\/amour-troglodyte-en-provence-7235511\" target=\"_blank\" rel=\"noreferrer noopener\">d\u00e9couvrir<\/a><\/div>\n<\/div>\n<\/div><figure class=\"wp-block-media-text__media\"><img data-dominant-color=\"897247\" data-has-transparency=\"false\" style=\"--dominant-color: #897247;\" loading=\"lazy\" decoding=\"async\" width=\"1024\" height=\"1024\" src=\"https:\/\/www.weekend-provence.fr\/app\/uploads\/2025\/05\/amour-troglodyte-en-provence_7235511_1-1024x1024.webp\" alt=\"\" class=\"wp-image-1478 size-full not-transparent\" srcset=\"https:\/\/www.weekend-provence.fr\/app\/uploads\/2025\/05\/amour-troglodyte-en-provence_7235511_1-1024x1024.webp 1024w, https:\/\/www.weekend-provence.fr\/app\/uploads\/2025\/05\/amour-troglodyte-en-provence_7235511_1-300x300.webp 300w, https:\/\/www.weekend-provence.fr\/app\/uploads\/2025\/05\/amour-troglodyte-en-provence_7235511_1-768x768.webp 768w, https:\/\/www.weekend-provence.fr\/app\/uploads\/2025\/05\/amour-troglodyte-en-provence_7235511_1.webp 1050w\" sizes=\"auto, (max-width: 1024px) 100vw, 1024px\" \/><\/figure><\/div>\n\n\n\n<div class=\"wp-block-media-text is-stacked-on-mobile\" style=\"grid-template-columns:36% auto\"><figure class=\"wp-block-media-text__media\"><img data-dominant-color=\"aa828a\" data-has-transparency=\"false\" style=\"--dominant-color: #aa828a;\" loading=\"lazy\" decoding=\"async\" width=\"1024\" height=\"1024\" src=\"https:\/\/www.weekend-provence.fr\/app\/uploads\/2025\/05\/3-2-1024x1024.webp\" alt=\"\" class=\"wp-image-1480 size-full not-transparent\" srcset=\"https:\/\/www.weekend-provence.fr\/app\/uploads\/2025\/05\/3-2-1024x1024.webp 1024w, https:\/\/www.weekend-provence.fr\/app\/uploads\/2025\/05\/3-2-300x300.webp 300w, https:\/\/www.weekend-provence.fr\/app\/uploads\/2025\/05\/3-2-768x768.webp 768w, https:\/\/www.weekend-provence.fr\/app\/uploads\/2025\/05\/3-2.webp 1200w\" sizes=\"auto, (max-width: 1024px) 100vw, 1024px\" \/><\/figure><div class=\"wp-block-media-text__content\">\n<h4 class=\"wp-block-heading has-text-align-center\">En amoureux sous la yourte<\/h4>\n\n\n\n<p class=\"wp-block-paragraph\">Voyagez sans quitter la Provence : ambiance mongole, confort moderne et nature \u00e0 perte de vue.<\/p>\n\n\n\n<p class=\"wp-block-paragraph\"><\/p>\n\n\n\n<div class=\"wp-block-buttons is-content-justification-center is-layout-flex wp-container-core-buttons-is-layout-9b3e53d3 wp-block-buttons-is-layout-flex\">\n<div class=\"wp-block-button\"><a class=\"wp-block-button__link wp-element-button\" href=\"https:\/\/www.weekend-provence.fr\/fr\/weekends\/en-amoureux-sous-la-yourte-4928057\" target=\"_blank\" rel=\"noreferrer noopener\">d\u00e9couvrir<\/a><\/div>\n<\/div>\n<\/div><\/div>\n<\/div>\n\n\n\n<div class=\"wp-block-group is-layout-constrained wp-block-group-is-layout-constrained\">\n<h2 class=\"wp-block-heading\">R\u00e9servez maintenant, les ponts de mai approchent !<\/h2>\n\n\n\n<p class=\"wp-block-paragraph\">Avec ses jours f\u00e9ri\u00e9s (1er, 8, 9, 20 mai), le mois de mai est parfait pour explorer la r\u00e9gion \u00e0 petits prix. <strong>Anticipez vos r\u00e9servations<\/strong> pour profiter des meilleures offres et de s\u00e9jours uniques en Provence.<\/p>\n<\/div>\n\n\n\n<p class=\"has-text-align-center wp-block-paragraph\"><strong>Retrouvez l\u2019ensemble de nos id\u00e9es weekend ici :<\/strong><\/p>\n\n\n\n<div class=\"wp-block-buttons is-content-justification-center is-layout-flex wp-container-core-buttons-is-layout-9b3e53d3 wp-block-buttons-is-layout-flex\">\n<div class=\"wp-block-button\"><a class=\"wp-block-button__link wp-element-button\" href=\"https:\/\/www.weekend-provence.fr\/fr\" target=\"_blank\" rel=\"noreferrer noopener\">tous les s\u00e9jours<\/a><\/div>\n<\/div>\n\n\n\n<div class=\"wp-block-group alignwide is-layout-constrained wp-block-group-is-layout-constrained\">\n<h2 class=\"wp-block-heading alignfull\">A lire aussi<\/h2>\n\n\n<div class=\"relative wp-block-fmz-slider alignfull\">\n<div class=\"wp-block-query alignfull is-layout-flow wp-block-query-is-layout-flow fmz-slider-1864081239623251 swiper\"><ul class=\"swiper-wrapper\"><li class=\"wp-block-post post-2332 post type-post status-publish format-standard has-post-thumbnail hentry category-destination category-sejours category-week-end swiper-slide\">\n\n<div class=\"wp-block-cover has-custom-content-position is-position-bottom-left\" style=\"border-radius:16px\"><span aria-hidden=\"true\" class=\"wp-block-cover__background has-background-dim has-background-gradient has-bg-gradient-to-black-bottom-gradient-background\"><\/span><img loading=\"lazy\" decoding=\"async\" width=\"1200\" height=\"1200\" src=\"https:\/\/www.weekend-provence.fr\/app\/uploads\/2026\/04\/Design-sans-titre-19-png.webp\" class=\"wp-block-cover__image-background not-transparent wp-post-image\" alt=\"\" data-object-fit=\"cover\" srcset=\"https:\/\/www.weekend-provence.fr\/app\/uploads\/2026\/04\/Design-sans-titre-19-png.webp 1200w, https:\/\/www.weekend-provence.fr\/app\/uploads\/2026\/04\/Design-sans-titre-19-300x300-2.png 300w, https:\/\/www.weekend-provence.fr\/app\/uploads\/2026\/04\/Design-sans-titre-19-768x768-1.png 768w, https:\/\/www.weekend-provence.fr\/app\/uploads\/2026\/04\/Design-sans-titre-19-1024x1024-1.png 1024w\" sizes=\"auto, (max-width: 1200px) 100vw, 1200px\" data-has-transparency=\"false\" data-dominant-color=\"687986\" style=\"--dominant-color: #687986;\" \/><div class=\"wp-block-cover__inner-container is-layout-constrained wp-block-cover-is-layout-constrained\"><h2 class=\"wp-block-post-title\"><a href=\"https:\/\/www.weekend-provence.fr\/fr\/le-guide-ultime-du-slow-tourisme-en-provence\" target=\"_self\" >Le guide ultime du slow tourisme en Provence<\/a><\/h2>\n\n<div class=\"wp-block-post-date\"><time datetime=\"2026-04-16T07:28:16+00:00\">16 avril 2026<\/time><\/div><\/div><\/div>\n\n<\/li><li class=\"wp-block-post post-2258 post type-post status-publish format-standard has-post-thumbnail hentry category-destination swiper-slide\">\n\n<div class=\"wp-block-cover has-custom-content-position is-position-bottom-left\" style=\"border-radius:16px\"><span aria-hidden=\"true\" class=\"wp-block-cover__background has-background-dim has-background-gradient has-bg-gradient-to-black-bottom-gradient-background\"><\/span><img loading=\"lazy\" decoding=\"async\" width=\"1200\" height=\"1200\" src=\"https:\/\/www.weekend-provence.fr\/app\/uploads\/2026\/03\/1-1.webp\" class=\"wp-block-cover__image-background not-transparent wp-post-image\" alt=\"\" data-object-fit=\"cover\" srcset=\"https:\/\/www.weekend-provence.fr\/app\/uploads\/2026\/03\/1-1.webp 1200w, https:\/\/www.weekend-provence.fr\/app\/uploads\/2026\/03\/1-1-300x300.webp 300w, https:\/\/www.weekend-provence.fr\/app\/uploads\/2026\/03\/1-1-1024x1024.webp 1024w, https:\/\/www.weekend-provence.fr\/app\/uploads\/2026\/03\/1-1-768x768.webp 768w\" sizes=\"auto, (max-width: 1200px) 100vw, 1200px\" data-has-transparency=\"false\" data-dominant-color=\"8d8879\" style=\"--dominant-color: #8d8879;\" \/><div class=\"wp-block-cover__inner-container is-layout-constrained wp-block-cover-is-layout-constrained\"><h2 class=\"wp-block-post-title\"><a href=\"https:\/\/www.weekend-provence.fr\/fr\/ou-admirer-les-premieres-fleurs-de-printemps-en-provence\" target=\"_self\" >O\u00f9 admirer les premi\u00e8res fleurs de printemps en Provence ?<\/a><\/h2>\n\n<div class=\"wp-block-post-date\"><time datetime=\"2026-03-03T10:31:28+00:00\">3 mars 2026<\/time><\/div><\/div><\/div>\n\n<\/li><li class=\"wp-block-post post-2182 post type-post status-publish format-standard has-post-thumbnail hentry category-en-couple category-sejours swiper-slide\">\n\n<div class=\"wp-block-cover has-custom-content-position is-position-bottom-left\" style=\"border-radius:16px\"><span aria-hidden=\"true\" class=\"wp-block-cover__background has-background-dim has-background-gradient has-bg-gradient-to-black-bottom-gradient-background\"><\/span><img loading=\"lazy\" decoding=\"async\" width=\"1920\" height=\"1080\" src=\"https:\/\/www.weekend-provence.fr\/app\/uploads\/2024\/06\/Romantique-1.webp\" class=\"wp-block-cover__image-background not-transparent wp-post-image\" alt=\"\" data-object-fit=\"cover\" srcset=\"https:\/\/www.weekend-provence.fr\/app\/uploads\/2024\/06\/Romantique-1.webp 1920w, https:\/\/www.weekend-provence.fr\/app\/uploads\/2024\/06\/Romantique-1-300x169.webp 300w, https:\/\/www.weekend-provence.fr\/app\/uploads\/2024\/06\/Romantique-1-1024x576.webp 1024w, https:\/\/www.weekend-provence.fr\/app\/uploads\/2024\/06\/Romantique-1-768x432.webp 768w, https:\/\/www.weekend-provence.fr\/app\/uploads\/2024\/06\/Romantique-1-1536x864.webp 1536w\" sizes=\"auto, (max-width: 1920px) 100vw, 1920px\" data-has-transparency=\"false\" data-dominant-color=\"9e704d\" style=\"--dominant-color: #9e704d;\" \/><div class=\"wp-block-cover__inner-container is-layout-constrained wp-block-cover-is-layout-constrained\"><h2 class=\"wp-block-post-title\"><a href=\"https:\/\/www.weekend-provence.fr\/fr\/special-saint-valentin-les-lieux-les-plus-romantiques\" target=\"_self\" >Sp\u00e9cial Saint-Valentin : les lieux les plus romantiques<\/a><\/h2>\n\n<div class=\"wp-block-post-date\"><time datetime=\"2026-01-26T10:30:18+00:00\">26 janvier 2026<\/time><\/div><\/div><\/div>\n\n<\/li><li class=\"wp-block-post post-2136 post type-post status-publish format-standard has-post-thumbnail hentry category-destination swiper-slide\">\n\n<div class=\"wp-block-cover has-custom-content-position is-position-bottom-left\" style=\"border-radius:16px\"><span aria-hidden=\"true\" class=\"wp-block-cover__background has-background-dim has-background-gradient has-bg-gradient-to-black-bottom-gradient-background\"><\/span><img loading=\"lazy\" decoding=\"async\" width=\"2560\" height=\"1705\" src=\"https:\/\/www.weekend-provence.fr\/app\/uploads\/2026\/01\/DJI_0360-scaled.webp\" class=\"wp-block-cover__image-background not-transparent wp-post-image\" alt=\"\" data-object-fit=\"cover\" srcset=\"https:\/\/www.weekend-provence.fr\/app\/uploads\/2026\/01\/DJI_0360-scaled.webp 2560w, https:\/\/www.weekend-provence.fr\/app\/uploads\/2026\/01\/DJI_0360-300x200.webp 300w, https:\/\/www.weekend-provence.fr\/app\/uploads\/2026\/01\/DJI_0360-1024x682.webp 1024w, https:\/\/www.weekend-provence.fr\/app\/uploads\/2026\/01\/DJI_0360-768x512.webp 768w, https:\/\/www.weekend-provence.fr\/app\/uploads\/2026\/01\/DJI_0360-1536x1023.webp 1536w, https:\/\/www.weekend-provence.fr\/app\/uploads\/2026\/01\/DJI_0360-2048x1364.webp 2048w\" sizes=\"auto, (max-width: 2560px) 100vw, 2560px\" data-has-transparency=\"false\" data-dominant-color=\"688f9e\" style=\"--dominant-color: #688f9e;\" \/><div class=\"wp-block-cover__inner-container is-layout-constrained wp-block-cover-is-layout-constrained\"><h2 class=\"wp-block-post-title\"><a href=\"https:\/\/www.weekend-provence.fr\/fr\/les-meilleures-randonnees-a-decouvrir-en-hiver\" target=\"_self\" >Les meilleures randonn\u00e9es \u00e0 d\u00e9couvrir en hiver<\/a><\/h2>\n\n<div class=\"wp-block-post-date\"><time datetime=\"2026-01-06T09:15:52+00:00\">6 janvier 2026<\/time><\/div><\/div><\/div>\n\n<\/li><li class=\"wp-block-post post-2047 post type-post status-publish format-standard has-post-thumbnail hentry category-saison category-sejours category-week-end swiper-slide\">\n\n<div class=\"wp-block-cover has-custom-content-position is-position-bottom-left\" style=\"border-radius:16px\"><span aria-hidden=\"true\" class=\"wp-block-cover__background has-background-dim has-background-gradient has-bg-gradient-to-black-bottom-gradient-background\"><\/span><img loading=\"lazy\" decoding=\"async\" width=\"2560\" height=\"1707\" src=\"https:\/\/www.weekend-provence.fr\/app\/uploads\/2025\/11\/pexels-george-dolgikh-551816-1303088-scaled-e1764059149887.webp\" class=\"wp-block-cover__image-background not-transparent wp-post-image\" alt=\"\" data-object-fit=\"cover\" data-has-transparency=\"false\" data-dominant-color=\"714c36\" style=\"--dominant-color: #714c36;\" \/><div class=\"wp-block-cover__inner-container is-layout-constrained wp-block-cover-is-layout-constrained\"><h2 class=\"wp-block-post-title\"><a href=\"https:\/\/www.weekend-provence.fr\/fr\/bons-cadeaux-a-offrir-a-noel\" target=\"_self\" >Bons cadeaux \u00e0 offrir \u00e0 No\u00ebl<\/a><\/h2>\n\n<div class=\"wp-block-post-date\"><time datetime=\"2025-11-25T08:45:56+00:00\">25 novembre 2025<\/time><\/div><\/div><\/div>\n\n<\/li><li class=\"wp-block-post post-1836 post type-post status-publish format-standard has-post-thumbnail hentry category-entre-amis category-saison category-sejours category-tous-les-articles swiper-slide\">\n\n<div class=\"wp-block-cover has-custom-content-position is-position-bottom-left\" style=\"border-radius:16px\"><span aria-hidden=\"true\" class=\"wp-block-cover__background has-background-dim has-background-gradient has-bg-gradient-to-black-bottom-gradient-background\"><\/span><img loading=\"lazy\" decoding=\"async\" width=\"2560\" height=\"1707\" src=\"https:\/\/www.weekend-provence.fr\/app\/uploads\/2025\/10\/alex-bertha-Jyg7xHRmXiU-unsplash-scaled.webp\" class=\"wp-block-cover__image-background not-transparent wp-post-image\" alt=\"\" data-object-fit=\"cover\" srcset=\"https:\/\/www.weekend-provence.fr\/app\/uploads\/2025\/10\/alex-bertha-Jyg7xHRmXiU-unsplash-scaled.webp 2560w, https:\/\/www.weekend-provence.fr\/app\/uploads\/2025\/10\/alex-bertha-Jyg7xHRmXiU-unsplash-300x200.webp 300w, https:\/\/www.weekend-provence.fr\/app\/uploads\/2025\/10\/alex-bertha-Jyg7xHRmXiU-unsplash-1024x683.webp 1024w, https:\/\/www.weekend-provence.fr\/app\/uploads\/2025\/10\/alex-bertha-Jyg7xHRmXiU-unsplash-768x512.webp 768w, https:\/\/www.weekend-provence.fr\/app\/uploads\/2025\/10\/alex-bertha-Jyg7xHRmXiU-unsplash-1536x1024.webp 1536w, https:\/\/www.weekend-provence.fr\/app\/uploads\/2025\/10\/alex-bertha-Jyg7xHRmXiU-unsplash-2048x1365.webp 2048w\" sizes=\"auto, (max-width: 2560px) 100vw, 2560px\" data-has-transparency=\"false\" data-dominant-color=\"a6c2cd\" style=\"--dominant-color: #a6c2cd;\" \/><div class=\"wp-block-cover__inner-container is-layout-constrained wp-block-cover-is-layout-constrained\"><h2 class=\"wp-block-post-title\"><a href=\"https:\/\/www.weekend-provence.fr\/fr\/sejours-bien-etre-profitez-de-lautomne-en-provence-pour-vous-ressourcer\" target=\"_self\" >S\u00e9jours bien-\u00eatre : profitez de l\u2019automne en Provence pour vous ressourcer<\/a><\/h2>\n\n<div class=\"wp-block-post-date\"><time datetime=\"2025-10-22T07:02:59+00:00\">22 octobre 2025<\/time><\/div><\/div><\/div>\n\n<\/li><li class=\"wp-block-post post-1781 post type-post status-publish format-standard has-post-thumbnail hentry category-destination category-entre-amis category-saison category-sejours category-tous-les-articles swiper-slide\">\n\n<div class=\"wp-block-cover has-custom-content-position is-position-bottom-left\" style=\"border-radius:16px\"><span aria-hidden=\"true\" class=\"wp-block-cover__background has-background-dim has-background-gradient has-bg-gradient-to-black-bottom-gradient-background\"><\/span><img loading=\"lazy\" decoding=\"async\" width=\"1120\" height=\"1067\" src=\"https:\/\/www.weekend-provence.fr\/app\/uploads\/2025\/10\/les-voiles-de-saint-tropez_7217773_6-e1759478350559.webp\" class=\"wp-block-cover__image-background not-transparent wp-post-image\" alt=\"\" data-object-fit=\"cover\" srcset=\"https:\/\/www.weekend-provence.fr\/app\/uploads\/2025\/10\/les-voiles-de-saint-tropez_7217773_6-e1759478350559.webp 1120w, https:\/\/www.weekend-provence.fr\/app\/uploads\/2025\/10\/les-voiles-de-saint-tropez_7217773_6-e1759478350559-300x286.webp 300w, https:\/\/www.weekend-provence.fr\/app\/uploads\/2025\/10\/les-voiles-de-saint-tropez_7217773_6-e1759478350559-1024x976.webp 1024w, https:\/\/www.weekend-provence.fr\/app\/uploads\/2025\/10\/les-voiles-de-saint-tropez_7217773_6-e1759478350559-768x732.webp 768w\" sizes=\"auto, (max-width: 1120px) 100vw, 1120px\" data-has-transparency=\"false\" data-dominant-color=\"abaaaf\" style=\"--dominant-color: #abaaaf;\" \/><div class=\"wp-block-cover__inner-container is-layout-constrained wp-block-cover-is-layout-constrained\"><h2 class=\"wp-block-post-title\"><a href=\"https:\/\/www.weekend-provence.fr\/fr\/bien-preparer-votre-escapade-en-provence-les-incontournables-doctobre\" target=\"_self\" >Bien pr\u00e9parer votre escapade en Provence : les incontournables d\u2019octobre<\/a><\/h2>\n\n<div class=\"wp-block-post-date\"><time datetime=\"2025-10-03T08:31:48+00:00\">3 octobre 2025<\/time><\/div><\/div><\/div>\n\n<\/li><li class=\"wp-block-post post-1683 post type-post status-publish format-standard has-post-thumbnail hentry category-destination category-en-couple category-entre-amis category-saison category-tous-les-articles swiper-slide\">\n\n<div class=\"wp-block-cover has-custom-content-position is-position-bottom-left\" style=\"border-radius:16px\"><span aria-hidden=\"true\" class=\"wp-block-cover__background has-background-dim has-background-gradient has-bg-gradient-to-black-bottom-gradient-background\"><\/span><img loading=\"lazy\" decoding=\"async\" width=\"2560\" height=\"1922\" src=\"https:\/\/www.weekend-provence.fr\/app\/uploads\/2025\/09\/pexels-david-sotto-1346078053-28304430-scaled.webp\" class=\"wp-block-cover__image-background not-transparent wp-post-image\" alt=\"\" data-object-fit=\"cover\" srcset=\"https:\/\/www.weekend-provence.fr\/app\/uploads\/2025\/09\/pexels-david-sotto-1346078053-28304430-scaled.webp 2560w, https:\/\/www.weekend-provence.fr\/app\/uploads\/2025\/09\/pexels-david-sotto-1346078053-28304430-300x225.webp 300w, https:\/\/www.weekend-provence.fr\/app\/uploads\/2025\/09\/pexels-david-sotto-1346078053-28304430-1024x769.webp 1024w, https:\/\/www.weekend-provence.fr\/app\/uploads\/2025\/09\/pexels-david-sotto-1346078053-28304430-768x577.webp 768w, https:\/\/www.weekend-provence.fr\/app\/uploads\/2025\/09\/pexels-david-sotto-1346078053-28304430-1536x1153.webp 1536w, https:\/\/www.weekend-provence.fr\/app\/uploads\/2025\/09\/pexels-david-sotto-1346078053-28304430-2048x1538.webp 2048w\" sizes=\"auto, (max-width: 2560px) 100vw, 2560px\" data-has-transparency=\"false\" data-dominant-color=\"827c61\" style=\"--dominant-color: #827c61;\" \/><div class=\"wp-block-cover__inner-container is-layout-constrained wp-block-cover-is-layout-constrained\"><h2 class=\"wp-block-post-title\"><a href=\"https:\/\/www.weekend-provence.fr\/fr\/les-vendanges-en-provence-decouvrez-loenotourisme-en-septembre\" target=\"_self\" >Les vendanges en Provence : d\u00e9couvrez l\u2019\u0153notourisme en septembre<\/a><\/h2>\n\n<div class=\"wp-block-post-date\"><time datetime=\"2025-09-02T09:54:33+00:00\">2 septembre 2025<\/time><\/div><\/div><\/div>\n\n<\/li><li class=\"wp-block-post post-1638 post type-post status-publish format-standard has-post-thumbnail hentry category-destination category-en-couple category-week-end category-tous-les-articles swiper-slide\">\n\n<div class=\"wp-block-cover has-custom-content-position is-position-bottom-left\" style=\"border-radius:16px\"><span aria-hidden=\"true\" class=\"wp-block-cover__background has-background-dim has-background-gradient has-bg-gradient-to-black-bottom-gradient-background\"><\/span><img loading=\"lazy\" decoding=\"async\" width=\"1800\" height=\"1201\" src=\"https:\/\/www.weekend-provence.fr\/app\/uploads\/2025\/08\/ECA8030-jpg-e1754471241705.webp\" class=\"wp-block-cover__image-background not-transparent wp-post-image\" alt=\"\" data-object-fit=\"cover\" data-has-transparency=\"false\" data-dominant-color=\"a3bbbc\" style=\"--dominant-color: #a3bbbc;\" \/><div class=\"wp-block-cover__inner-container is-layout-constrained wp-block-cover-is-layout-constrained\"><h2 class=\"wp-block-post-title\"><a href=\"https:\/\/www.weekend-provence.fr\/fr\/top-des-plus-belles-baignades\" target=\"_self\" >Top des plus belles baignades<\/a><\/h2>\n\n<div class=\"wp-block-post-date\"><time datetime=\"2025-08-06T09:07:43+00:00\">6 ao\u00fbt 2025<\/time><\/div><\/div><\/div>\n\n<\/li><li class=\"wp-block-post post-1568 post type-post status-publish format-standard has-post-thumbnail hentry category-destination category-entre-amis category-saison category-sejours category-tous-les-articles swiper-slide\">\n\n<div class=\"wp-block-cover has-custom-content-position is-position-bottom-left\" style=\"border-radius:16px\"><span aria-hidden=\"true\" class=\"wp-block-cover__background has-background-dim has-background-gradient has-bg-gradient-to-black-bottom-gradient-background\"><\/span><img loading=\"lazy\" decoding=\"async\" width=\"1454\" height=\"969\" src=\"https:\/\/www.weekend-provence.fr\/app\/uploads\/2025\/07\/unnamed.webp\" class=\"wp-block-cover__image-background not-transparent wp-post-image\" alt=\"\" data-object-fit=\"cover\" srcset=\"https:\/\/www.weekend-provence.fr\/app\/uploads\/2025\/07\/unnamed.webp 1454w, https:\/\/www.weekend-provence.fr\/app\/uploads\/2025\/07\/unnamed-300x200.webp 300w, https:\/\/www.weekend-provence.fr\/app\/uploads\/2025\/07\/unnamed-1024x682.webp 1024w, https:\/\/www.weekend-provence.fr\/app\/uploads\/2025\/07\/unnamed-768x512.webp 768w\" sizes=\"auto, (max-width: 1454px) 100vw, 1454px\" data-has-transparency=\"false\" data-dominant-color=\"7a6659\" style=\"--dominant-color: #7a6659;\" \/><div class=\"wp-block-cover__inner-container is-layout-constrained wp-block-cover-is-layout-constrained\"><h2 class=\"wp-block-post-title\"><a href=\"https:\/\/www.weekend-provence.fr\/fr\/les-festivals-dete-musique-arts-et-traditions-locales\" target=\"_self\" >Les festivals d\u2019\u00e9t\u00e9 : musique, arts et traditions locales<\/a><\/h2>\n\n<div class=\"wp-block-post-date\"><time datetime=\"2025-07-08T07:44:31+00:00\">8 juillet 2025<\/time><\/div><\/div><\/div>\n\n<\/li><\/ul><\/div>\n<div class=\"swiper-prev-1864081239623251\"><div class=\"fa-4x h-full flex items-center absolute z-10 top-1\/2 -translate-x-1\/2 -translate-y-1\/2 left-0 right-auto cursor-pointer\">\n\t\t<span class=\"fa-layers fa-fw z-10\">\n\t\t\t<i class=\"fa-solid fa-circle text-white dark:text-black\"><\/i>\n\t\t\t<i class=\"fa-light fa-angle-left text-black dark:text-white\" data-fa-transform=\"shrink-6\"><\/i>\n\t\t<\/span>\n\t<\/div><\/div><div class=\"swiper-next-1864081239623251\"><div class=\"fa-4x h-full flex items-center absolute z-10 top-1\/2 translate-x-1\/2 -translate-y-1\/2 right-0 left-auto cursor-pointer\">\n\t\t<span class=\"fa-layers fa-fw z-10\">\n\t\t\t<i class=\"fa-solid fa-circle text-white dark:text-black\"><\/i>\n\t\t\t<i class=\"fa-light fa-angle-right text-black dark:text-white\" data-fa-transform=\"shrink-6\"><\/i>\n\t\t<\/span>\n\t<\/div><\/div><\/div><div class=\"fmz-slider-thumbs-container-1864081239623251 wp-block-fmz-slider alignfull\"><\/div>\n\t<script>\n\t\t\t\tnew Swiper('.fmz-slider-1864081239623251', {\n\t\t\t\n        \n        slidesPerView: 1,\n        spaceBetween: 20,\n        centeredSlides: false,\n        speed: 300,\n        loop: true,\n\t\t\t\tdirection: 'horizontal',\n\t\t\t\teffect: 'slide',\n        breakpoints:{ \n          576: { \n            slidesPerView: 2,\n            spaceBetween: 20,\n\t\t\t\t\t\tcenteredSlides: false,\n          }, \n          992: { \n            slidesPerView: 3,\n            spaceBetween: 20,\n\t\t\t\t\t\tcenteredSlides: false,\n          },\n          1200: {\n            slidesPerView: 3,\n            spaceBetween: 20,\n\t\t\t\t\t\tcenteredSlides: false,\n          },\n          1400: {\n            slidesPerView: 3,\n            spaceBetween: 20,\n\t\t\t\t\t\tcenteredSlides: false,\n          }\n        }\n      ,\n\t\t\t\t\t\t\tnavigation: { \n\t\t\t\t\tnextEl: '.swiper-next-1864081239623251', \n\t\t\t\t\tprevEl: '.swiper-prev-1864081239623251'\n\t\t\t\t},\n\t\t\t\t\t\t\t\t\ta11y: {\n\t\t\t\tenabled: true,\n\t\t\t\tprevSlideMessage: 'Previous slide',\n\t\t\t\tnextSlideMessage: 'Next slide',\n\t\t\t\tfirstSlideMessage: 'First slide',\n\t\t\t\tlastSlideMessage: 'Last slide',\n\t\t\t\tpaginationBulletMessage: 'Slide {{index}}',\n\t\t\t},\n\t\t\t\t\t\twatchSlidesProgress: true,\n\t\t\twatchOverflow: true\n\t\t} )\n\t<\/script>\n\t\n\t<\/div>\n","protected":false},"excerpt":{"rendered":"<p>Les ponts du mois de mai sont l\u2019occasion r\u00eav\u00e9e de s\u2019\u00e9vader sans attendre les grandes vacances. Notre territoire regorge d\u2019h\u00e9bergements insolites et de s\u00e9jours ressour\u00e7ants. Voici notre s\u00e9lection de weekends inoubliables, class\u00e9s par destination, pour profiter pleinement du mois de mai\u2026 et faire plaisir \u00e0 maman avec un s\u00e9jour sp\u00e9cial F\u00eate des M\u00e8res ! Est\u00e9rel&#8230;<\/p>\n","protected":false},"author":2,"featured_media":1462,"comment_status":"open","ping_status":"open","sticky":false,"template":"","format":"standard","meta":{"_acf_changed":false,"_crdt_document":"","footnotes":""},"categories":[1],"tags":[],"class_list":["post-1461","post","type-post","status-publish","format-standard","has-post-thumbnail","hentry","category-tous-les-articles"],"acf":[],"_links":{"self":[{"href":"https:\/\/www.weekend-provence.fr\/fr\/wp-json\/wp\/v2\/posts\/1461","targetHints":{"allow":["GET"]}}],"collection":[{"href":"https:\/\/www.weekend-provence.fr\/fr\/wp-json\/wp\/v2\/posts"}],"about":[{"href":"https:\/\/www.weekend-provence.fr\/fr\/wp-json\/wp\/v2\/types\/post"}],"author":[{"embeddable":true,"href":"https:\/\/www.weekend-provence.fr\/fr\/wp-json\/wp\/v2\/users\/2"}],"replies":[{"embeddable":true,"href":"https:\/\/www.weekend-provence.fr\/fr\/wp-json\/wp\/v2\/comments?post=1461"}],"version-history":[{"count":5,"href":"https:\/\/www.weekend-provence.fr\/fr\/wp-json\/wp\/v2\/posts\/1461\/revisions"}],"predecessor-version":[{"id":1932,"href":"https:\/\/www.weekend-provence.fr\/fr\/wp-json\/wp\/v2\/posts\/1461\/revisions\/1932"}],"wp:featuredmedia":[{"embeddable":true,"href":"https:\/\/www.weekend-provence.fr\/fr\/wp-json\/wp\/v2\/media\/1462"}],"wp:attachment":[{"href":"https:\/\/www.weekend-provence.fr\/fr\/wp-json\/wp\/v2\/media?parent=1461"}],"wp:term":[{"taxonomy":"category","embeddable":true,"href":"https:\/\/www.weekend-provence.fr\/fr\/wp-json\/wp\/v2\/categories?post=1461"},{"taxonomy":"post_tag","embeddable":true,"href":"https:\/\/www.weekend-provence.fr\/fr\/wp-json\/wp\/v2\/tags?post=1461"}],"curies":[{"name":"wp","href":"https:\/\/api.w.org\/{rel}","templated":true}]}}