{"id":1568,"date":"2025-07-08T07:44:31","date_gmt":"2025-07-08T07:44:31","guid":{"rendered":"https:\/\/www.weekend-provence.fr\/?p=1568"},"modified":"2025-11-20T11:42:38","modified_gmt":"2025-11-20T11:42:38","slug":"les-festivals-dete-musique-arts-et-traditions-locales","status":"publish","type":"post","link":"https:\/\/www.weekend-provence.fr\/fr\/les-festivals-dete-musique-arts-et-traditions-locales","title":{"rendered":"Les festivals d\u2019\u00e9t\u00e9 : musique, arts et traditions locales"},"content":{"rendered":"\n<div class=\"wp-block-group alignwide is-layout-constrained wp-block-group-is-layout-constrained\">\n<p class=\"has-text-align-center wp-block-paragraph\">Quand les beaux jours s\u2019installent, le Sud de la France vibre au rythme des festivals. Musique, cin\u00e9ma, patrimoine et spectacles s\u2019invitent dans les ruelles, les clo\u00eetres et les domaines viticoles, cr\u00e9ant des soir\u00e9es inoubliables \u00e0 la belle \u00e9toile. Voici les rendez-vous incontournables de l\u2019\u00e9t\u00e9 dans deux territoires authentiques et vibrants : la <strong>Provence Verte &amp; Verdon<\/strong> et <strong>Est\u00e9rel C\u00f4te d\u2019Azur<\/strong>.<\/p>\n\n\n\n<h2 class=\"wp-block-heading alignwide has-text-align-center\">Les grands \u00e9v\u00e8nements en <strong>Provence Verte &amp; Verdon<\/strong><\/h2>\n\n\n\n<p class=\"has-text-align-center wp-block-paragraph\"><strong>Un \u00e9t\u00e9 entre culture, patrimoine et raffinement<\/strong><\/p>\n\n\n\n<div class=\"wp-block-media-text alignwide is-stacked-on-mobile\" style=\"grid-template-columns:30% auto\"><figure class=\"wp-block-media-text__media\"><img data-dominant-color=\"bab0c1\" data-has-transparency=\"false\" style=\"--dominant-color: #bab0c1;\" loading=\"lazy\" decoding=\"async\" width=\"729\" height=\"1024\" src=\"https:\/\/www.weekend-provence.fr\/app\/uploads\/2025\/07\/affiche-tds-25-def-729x1024.webp\" alt=\"\" class=\"wp-image-1569 size-full not-transparent\" srcset=\"https:\/\/www.weekend-provence.fr\/app\/uploads\/2025\/07\/affiche-tds-25-def-729x1024.webp 729w, https:\/\/www.weekend-provence.fr\/app\/uploads\/2025\/07\/affiche-tds-25-def-214x300.webp 214w, https:\/\/www.weekend-provence.fr\/app\/uploads\/2025\/07\/affiche-tds-25-def-768x1079.webp 768w, https:\/\/www.weekend-provence.fr\/app\/uploads\/2025\/07\/affiche-tds-25-def-1093x1536.webp 1093w, https:\/\/www.weekend-provence.fr\/app\/uploads\/2025\/07\/affiche-tds-25-def-1458x2048.webp 1458w, https:\/\/www.weekend-provence.fr\/app\/uploads\/2025\/07\/affiche-tds-25-def-scaled.webp 1822w\" sizes=\"auto, (max-width: 729px) 100vw, 729px\" \/><\/figure><div class=\"wp-block-media-text__content\">\n<div class=\"wp-block-group alignwide is-layout-constrained wp-block-group-is-layout-constrained\">\n<h4 class=\"wp-block-heading\">Cotignac \u2013 Les Toiles du Sud<\/h4>\n\n\n\n<p class=\"wp-block-paragraph\"><strong><strong>Cin\u00e9ma sous les \u00e9toiles dans un village de caract\u00e8re<\/strong>.<br><\/strong>Chaque \u00e9t\u00e9, Cotignac accueille un festival de cin\u00e9ma \u00e0 ciel ouvert. Les Toiles du Sud transforment la place du Cours en une salle obscure en plein air, o\u00f9 l\u2019on projette des films d\u2019auteur, des classiques du 7e art et des nouveaut\u00e9s. Un moment convivial et culturel au c\u0153ur de la Provence.<\/p>\n\n\n\n<div class=\"wp-block-buttons is-layout-flex wp-block-buttons-is-layout-flex\">\n<div class=\"wp-block-button\"><a class=\"wp-block-button__link wp-element-button\" href=\"https:\/\/www.la-provence-verte.net\/actualites\/festivite-festival-les-toiles-du-sud_6944505.html\">d\u00e9couvrir<\/a><\/div>\n<\/div>\n<\/div>\n<\/div><\/div>\n\n\n\n<div class=\"wp-block-media-text alignwide has-media-on-the-right is-stacked-on-mobile\" style=\"grid-template-columns:auto 30%\"><div class=\"wp-block-media-text__content\">\n<div class=\"wp-block-group is-layout-constrained wp-block-group-is-layout-constrained\">\n<h4 class=\"wp-block-heading has-text-align-right\">Mazaugues \u2013 Les Nuits Musicales<\/h4>\n\n\n\n<p class=\"has-text-align-right wp-block-paragraph\"><strong>Des concerts classiques dans un d\u00e9cor naturel grandiose<\/strong><br>Nich\u00e9 au pied de la Sainte-Baume, Mazaugues accueille chaque \u00e9t\u00e9 <strong>Les Nuits Musicales<\/strong>, un festival d\u00e9di\u00e9 \u00e0 la musique classique. Pianistes, violonistes et formations de renom se produisent dans une ambiance intimiste, entre patrimoine et nature.<\/p>\n\n\n\n<div class=\"wp-block-buttons is-content-justification-right is-layout-flex wp-container-core-buttons-is-layout-6e6ac3ee wp-block-buttons-is-layout-flex\">\n<div class=\"wp-block-button\"><a class=\"wp-block-button__link wp-element-button\" href=\"https:\/\/www.la-provence-verte.net\/actualites\/festivite-les-nuits-musicales-de-mazaugues_6760981.html\">d\u00e9couvrir<\/a><\/div>\n<\/div>\n<\/div>\n<\/div><figure class=\"wp-block-media-text__media\"><img data-dominant-color=\"cd9f6b\" data-has-transparency=\"false\" style=\"--dominant-color: #cd9f6b;\" loading=\"lazy\" decoding=\"async\" width=\"740\" height=\"1024\" src=\"https:\/\/www.weekend-provence.fr\/app\/uploads\/2025\/07\/mazaugues-e1751959299950-740x1024.webp\" alt=\"\" class=\"wp-image-1571 size-full not-transparent\" srcset=\"https:\/\/www.weekend-provence.fr\/app\/uploads\/2025\/07\/mazaugues-e1751959299950-740x1024.webp 740w, https:\/\/www.weekend-provence.fr\/app\/uploads\/2025\/07\/mazaugues-e1751959299950-217x300.webp 217w, https:\/\/www.weekend-provence.fr\/app\/uploads\/2025\/07\/mazaugues-e1751959299950-768x1063.webp 768w, https:\/\/www.weekend-provence.fr\/app\/uploads\/2025\/07\/mazaugues-e1751959299950.webp 1024w\" sizes=\"auto, (max-width: 740px) 100vw, 740px\" \/><\/figure><\/div>\n\n\n\n<div class=\"wp-block-media-text alignwide is-stacked-on-mobile\" style=\"grid-template-columns:30% auto\"><figure class=\"wp-block-media-text__media\"><img data-dominant-color=\"d2d2cd\" data-has-transparency=\"false\" style=\"--dominant-color: #d2d2cd;\" loading=\"lazy\" decoding=\"async\" width=\"1024\" height=\"682\" src=\"https:\/\/www.weekend-provence.fr\/app\/uploads\/2025\/07\/50357_1_grd.webp\" alt=\"\" class=\"wp-image-1573 size-full not-transparent\" srcset=\"https:\/\/www.weekend-provence.fr\/app\/uploads\/2025\/07\/50357_1_grd.webp 1024w, https:\/\/www.weekend-provence.fr\/app\/uploads\/2025\/07\/50357_1_grd-300x200.webp 300w, https:\/\/www.weekend-provence.fr\/app\/uploads\/2025\/07\/50357_1_grd-768x512.webp 768w\" sizes=\"auto, (max-width: 1024px) 100vw, 1024px\" \/><\/figure><div class=\"wp-block-media-text__content\">\n<div class=\"wp-block-group is-layout-constrained wp-block-group-is-layout-constrained\">\n<h4 class=\"wp-block-heading\">La Celle \u2013 Les Soir\u00e9es Musicales de l\u2019Abbaye<\/h4>\n\n\n\n<p class=\"wp-block-paragraph\"><strong>Un \u00e9crin patrimonial pour des soir\u00e9es enchant\u00e9es<\/strong><br>Dans le cadre prestigieux de l\u2019Abbaye de La Celle, ce festival propose une programmation raffin\u00e9e entre musique classique et jazz. Une alchimie parfaite entre acoustique exceptionnelle et architecture mill\u00e9naire.<\/p>\n\n\n\n<div class=\"wp-block-buttons is-layout-flex wp-block-buttons-is-layout-flex\">\n<div class=\"wp-block-button\"><a class=\"wp-block-button__link wp-element-button\" href=\"https:\/\/www.la-provence-verte.net\/actualites\/festivite-les-soirees-musicales-de-l-abbaye-de-la-celle_6034223.html\">d\u00e9couvrir<\/a><\/div>\n<\/div>\n<\/div>\n<\/div><\/div>\n\n\n\n<div class=\"wp-block-media-text alignwide has-media-on-the-right is-stacked-on-mobile\" style=\"grid-template-columns:auto 30%\"><div class=\"wp-block-media-text__content\">\n<div class=\"wp-block-group is-layout-constrained wp-block-group-is-layout-constrained\">\n<h4 class=\"wp-block-heading has-text-align-right\">Saint-Martin-de-Palli\u00e8res \u2013 Les Concerts en Vo\u00fbtes<\/h4>\n\n\n\n<p class=\"has-text-align-right wp-block-paragraph\"><strong>L\u2019art musical dans un ch\u00e2teau m\u00e9di\u00e9val<\/strong><br>Ce festival unique vous invite \u00e0 vivre des concerts sous les vo\u00fbtes du ch\u00e2teau de Saint-Martin-de-Palli\u00e8res. Des rendez-vous intimistes \u00e0 la crois\u00e9e des arts et de l\u2019Histoire, avec une programmation musicale vari\u00e9e.<\/p>\n\n\n\n<div class=\"wp-block-buttons is-content-justification-right is-layout-flex wp-container-core-buttons-is-layout-6e6ac3ee wp-block-buttons-is-layout-flex\">\n<div class=\"wp-block-button\"><a class=\"wp-block-button__link wp-element-button\" href=\"https:\/\/www.la-provence-verte.net\/actualites\/festivite-festival-concerts-en-voutes_6521735.html\">d\u00e9couvrir<\/a><\/div>\n<\/div>\n<\/div>\n<\/div><figure class=\"wp-block-media-text__media\"><img data-dominant-color=\"f6d6d1\" data-has-transparency=\"false\" style=\"--dominant-color: #f6d6d1;\" loading=\"lazy\" decoding=\"async\" width=\"1024\" height=\"793\" src=\"https:\/\/www.weekend-provence.fr\/app\/uploads\/2025\/07\/thumbnail_concertsvoutes.webp\" alt=\"\" class=\"wp-image-1575 size-full not-transparent\" srcset=\"https:\/\/www.weekend-provence.fr\/app\/uploads\/2025\/07\/thumbnail_concertsvoutes.webp 1024w, https:\/\/www.weekend-provence.fr\/app\/uploads\/2025\/07\/thumbnail_concertsvoutes-300x232.webp 300w, https:\/\/www.weekend-provence.fr\/app\/uploads\/2025\/07\/thumbnail_concertsvoutes-768x595.webp 768w\" sizes=\"auto, (max-width: 1024px) 100vw, 1024px\" \/><\/figure><\/div>\n\n\n\n<h2 class=\"wp-block-heading alignwide has-text-align-center\">Les grands \u00e9v\u00e8nements en <strong>Est\u00e9rel C\u00f4te d&rsquo;Azur<\/strong><\/h2>\n\n\n\n<p class=\"has-text-align-center wp-block-paragraph\"><strong>\u00c9lectro, jazz et ambiance festive en bord de mer<\/strong><\/p>\n\n\n\n<div class=\"wp-block-media-text alignwide is-stacked-on-mobile is-image-fill-element\" style=\"grid-template-columns:30% auto\"><figure class=\"wp-block-media-text__media\"><img data-dominant-color=\"373846\" data-has-transparency=\"false\" loading=\"lazy\" decoding=\"async\" width=\"1000\" height=\"710\" src=\"https:\/\/www.weekend-provence.fr\/app\/uploads\/2025\/07\/ab6dfa9df4a9638268e066a9aaa05d72-1394636-1000x710-1.webp\" alt=\"\" class=\"wp-image-1577 size-full not-transparent\" style=\"--dominant-color: #373846; object-position:61% 71%\" srcset=\"https:\/\/www.weekend-provence.fr\/app\/uploads\/2025\/07\/ab6dfa9df4a9638268e066a9aaa05d72-1394636-1000x710-1.webp 1000w, https:\/\/www.weekend-provence.fr\/app\/uploads\/2025\/07\/ab6dfa9df4a9638268e066a9aaa05d72-1394636-1000x710-1-300x213.webp 300w, https:\/\/www.weekend-provence.fr\/app\/uploads\/2025\/07\/ab6dfa9df4a9638268e066a9aaa05d72-1394636-1000x710-1-768x545.webp 768w\" sizes=\"auto, (max-width: 1000px) 100vw, 1000px\" \/><\/figure><div class=\"wp-block-media-text__content\">\n<div class=\"wp-block-group is-layout-constrained wp-block-group-is-layout-constrained\">\n<h4 class=\"wp-block-heading\">Puget-sur-Argens \u2013 Festival au Mas des Escaravatiers<\/h4>\n\n\n\n<p class=\"wp-block-paragraph\"><strong>Un domaine viticole transform\u00e9 en sc\u00e8ne musicale<\/strong><br>Ambiance boh\u00e8me et line-up pointu pour ce festival atypique ! Chaque \u00e9t\u00e9, le <strong>Mas des Escaravatiers<\/strong> m\u00eale concerts live, d\u00e9gustations de vin et coucher de soleil. Un must pour les amateurs d\u2019\u00e9lectro, de pop et de musique actuelle.<\/p>\n\n\n\n<div class=\"wp-block-buttons is-layout-flex wp-block-buttons-is-layout-flex\">\n<div class=\"wp-block-button\"><a class=\"wp-block-button__link wp-element-button\" href=\"https:\/\/www.esterel-cotedazur.com\/fiches\/festival-le-mas-des-escaravatiers\/\">d\u00e9couvrir<\/a><\/div>\n<\/div>\n<\/div>\n<\/div><\/div>\n\n\n\n<div class=\"wp-block-media-text alignwide has-media-on-the-right is-stacked-on-mobile\" style=\"grid-template-columns:auto 30%\"><div class=\"wp-block-media-text__content\">\n<div class=\"wp-block-group is-layout-constrained wp-block-group-is-layout-constrained\">\n<h4 class=\"wp-block-heading has-text-align-right\">Fr\u00e9jus \u2013 Saint-Aygulf Festif<\/h4>\n\n\n\n<p class=\"has-text-align-right wp-block-paragraph\"><strong>Concerts gratuits et animations estivales en bord de mer<\/strong><br>Chaque \u00e9t\u00e9, <strong>Saint-Aygulf Festif<\/strong> propose une s\u00e9rie de concerts gratuits et festifs sur la place de la Poste. Une programmation \u00e9clectique pour danser les pieds dans le sable !<\/p>\n\n\n\n<div class=\"wp-block-buttons is-content-justification-right is-layout-flex wp-container-core-buttons-is-layout-6e6ac3ee wp-block-buttons-is-layout-flex\">\n<div class=\"wp-block-button\"><a class=\"wp-block-button__link wp-element-button\" href=\"https:\/\/www.esterel-cotedazur.com\/fiches\/saint-aygulf-festif\/\">d\u00e9couvrir<\/a><\/div>\n<\/div>\n<\/div>\n<\/div><figure class=\"wp-block-media-text__media\"><img data-dominant-color=\"781b52\" data-has-transparency=\"false\" style=\"--dominant-color: #781b52;\" loading=\"lazy\" decoding=\"async\" width=\"710\" height=\"1000\" src=\"https:\/\/www.weekend-provence.fr\/app\/uploads\/2025\/07\/0204044a9c74a2d20359524d1e085dcc-31866643-710x1000-1.webp\" alt=\"\" class=\"wp-image-1579 size-full not-transparent\" srcset=\"https:\/\/www.weekend-provence.fr\/app\/uploads\/2025\/07\/0204044a9c74a2d20359524d1e085dcc-31866643-710x1000-1.webp 710w, https:\/\/www.weekend-provence.fr\/app\/uploads\/2025\/07\/0204044a9c74a2d20359524d1e085dcc-31866643-710x1000-1-213x300.webp 213w\" sizes=\"auto, (max-width: 710px) 100vw, 710px\" \/><\/figure><\/div>\n\n\n\n<div class=\"wp-block-media-text alignwide is-stacked-on-mobile\" style=\"grid-template-columns:30% auto\"><figure class=\"wp-block-media-text__media\"><img data-dominant-color=\"282540\" data-has-transparency=\"false\" style=\"--dominant-color: #282540;\" loading=\"lazy\" decoding=\"async\" width=\"710\" height=\"1000\" src=\"https:\/\/www.weekend-provence.fr\/app\/uploads\/2025\/07\/c901cda5150a167320b869aafcf24e31-30567247-710x1000-1.webp\" alt=\"\" class=\"wp-image-1581 size-full not-transparent\" srcset=\"https:\/\/www.weekend-provence.fr\/app\/uploads\/2025\/07\/c901cda5150a167320b869aafcf24e31-30567247-710x1000-1.webp 710w, https:\/\/www.weekend-provence.fr\/app\/uploads\/2025\/07\/c901cda5150a167320b869aafcf24e31-30567247-710x1000-1-213x300.webp 213w\" sizes=\"auto, (max-width: 710px) 100vw, 710px\" \/><\/figure><div class=\"wp-block-media-text__content\">\n<div class=\"wp-block-group is-layout-constrained wp-block-group-is-layout-constrained\">\n<h4 class=\"wp-block-heading\">Fr\u00e9jus \u2013 Madame Loyal<\/h4>\n\n\n\n<p class=\"wp-block-paragraph\"><strong>L\u2019univers du cirque revisit\u00e9 pour les noctambules<\/strong><br>Un concept hors norme m\u00ealant musique \u00e9lectro, arts du cirque, pyrotechnie et univers forain. <strong>Madame Loyal<\/strong> transforme la base nature de Fr\u00e9jus en terrain de jeu pour r\u00eaveurs et f\u00eatards.<\/p>\n\n\n\n<div class=\"wp-block-buttons is-layout-flex wp-block-buttons-is-layout-flex\">\n<div class=\"wp-block-button\"><a class=\"wp-block-button__link wp-element-button\" href=\"https:\/\/www.esterel-cotedazur.com\/fiches\/madame-loyal-frejus\/\">d\u00e9couvrir<\/a><\/div>\n<\/div>\n<\/div>\n<\/div><\/div>\n\n\n\n<div class=\"wp-block-media-text alignwide has-media-on-the-right is-stacked-on-mobile\" style=\"grid-template-columns:auto 30%\"><div class=\"wp-block-media-text__content\">\n<div class=\"wp-block-group is-layout-constrained wp-block-group-is-layout-constrained\">\n<h4 class=\"wp-block-heading has-text-align-right\">Fr\u00e9jus \u2013 Zamna Festival<\/h4>\n\n\n\n<p class=\"has-text-align-right wp-block-paragraph\"><strong>L\u2019\u00e9lite de l\u2019\u00e9lectro mondiale en plein air<\/strong><br>N\u00e9 au Mexique, <strong>Zamna<\/strong> s\u2019invite \u00e0 Fr\u00e9jus pour une \u00e9dition explosive. Sc\u00e9nographie immersive, sons puissants et DJ internationaux pour une nuit \u00e9lectro d\u2019anthologie.<\/p>\n\n\n\n<div class=\"wp-block-buttons is-content-justification-right is-layout-flex wp-container-core-buttons-is-layout-6e6ac3ee wp-block-buttons-is-layout-flex\">\n<div class=\"wp-block-button\"><a class=\"wp-block-button__link has-text-align-left wp-element-button\" href=\"https:\/\/www.esterel-cotedazur.com\/fiches\/zamna-festival\/\">d\u00e9couvrir<\/a><\/div>\n<\/div>\n<\/div>\n<\/div><figure class=\"wp-block-media-text__media\"><img data-dominant-color=\"3c687d\" data-has-transparency=\"false\" style=\"--dominant-color: #3c687d;\" loading=\"lazy\" decoding=\"async\" width=\"588\" height=\"760\" src=\"https:\/\/www.weekend-provence.fr\/app\/uploads\/2025\/07\/16e7499a94bbf65a6b3476062b0693bb-29899652-588x760-1.webp\" alt=\"\" class=\"wp-image-1583 size-full not-transparent\" srcset=\"https:\/\/www.weekend-provence.fr\/app\/uploads\/2025\/07\/16e7499a94bbf65a6b3476062b0693bb-29899652-588x760-1.webp 588w, https:\/\/www.weekend-provence.fr\/app\/uploads\/2025\/07\/16e7499a94bbf65a6b3476062b0693bb-29899652-588x760-1-232x300.webp 232w\" sizes=\"auto, (max-width: 588px) 100vw, 588px\" \/><\/figure><\/div>\n\n\n\n<div class=\"wp-block-media-text alignwide is-stacked-on-mobile\" style=\"grid-template-columns:30% auto\"><figure class=\"wp-block-media-text__media\"><img data-dominant-color=\"a86b70\" data-has-transparency=\"false\" style=\"--dominant-color: #a86b70;\" loading=\"lazy\" decoding=\"async\" width=\"710\" height=\"1000\" src=\"https:\/\/www.weekend-provence.fr\/app\/uploads\/2025\/07\/cf97665c08795dd5eef3d66fa31a2012-31402397-710x1000-1.webp\" alt=\"\" class=\"wp-image-1585 size-full not-transparent\" srcset=\"https:\/\/www.weekend-provence.fr\/app\/uploads\/2025\/07\/cf97665c08795dd5eef3d66fa31a2012-31402397-710x1000-1.webp 710w, https:\/\/www.weekend-provence.fr\/app\/uploads\/2025\/07\/cf97665c08795dd5eef3d66fa31a2012-31402397-710x1000-1-213x300.webp 213w\" sizes=\"auto, (max-width: 710px) 100vw, 710px\" \/><\/figure><div class=\"wp-block-media-text__content\">\n<div class=\"wp-block-group alignfull is-layout-constrained wp-block-group-is-layout-constrained\">\n<h4 class=\"wp-block-heading\">Fr\u00e9jus \u2013 Color South Festival<\/h4>\n\n\n\n<p class=\"wp-block-paragraph\"><strong>De la couleur, de la musique, de l\u2019\u00e9nergie !<\/strong><br>C\u2019est le festival le plus color\u00e9 de l\u2019\u00e9t\u00e9 ! <strong>Color South Festival<\/strong> combine musique \u00e9lectro et jets de poudre color\u00e9e dans une ambiance d\u00e9jant\u00e9e. Un rendez-vous incontournable pour les jeunes et les amateurs d\u2019exp\u00e9riences festives.<\/p>\n\n\n\n<div class=\"wp-block-buttons is-layout-flex wp-block-buttons-is-layout-flex\">\n<div class=\"wp-block-button\"><a class=\"wp-block-button__link wp-element-button\" href=\"https:\/\/www.esterel-cotedazur.com\/fiches\/color-south-festival\/\">d\u00e9couvrir<\/a><\/div>\n<\/div>\n<\/div>\n<\/div><\/div>\n\n\n\n<div class=\"wp-block-media-text alignwide has-media-on-the-right is-stacked-on-mobile\" style=\"grid-template-columns:auto 30%\"><div class=\"wp-block-media-text__content\">\n<div class=\"wp-block-group is-layout-constrained wp-block-group-is-layout-constrained\">\n<h4 class=\"wp-block-heading has-text-align-right\">Saint-Rapha\u00ebl \u2013 Saint-Raph\u2019 Jazz Festival<\/h4>\n\n\n\n<p class=\"has-text-align-right wp-block-paragraph\"><strong>Le jazz au c\u0153ur de la cit\u00e9 baln\u00e9aire<\/strong><br>Chaque \u00e9t\u00e9, <strong>Saint-Rapha\u00ebl<\/strong> accueille des pointures du jazz dans le cadre enchanteur du th\u00e9\u00e2tre de verdure. Un festival \u00e9l\u00e9gant entre mer et m\u00e9lodies bleues.<\/p>\n\n\n\n<div class=\"wp-block-buttons is-content-justification-right is-layout-flex wp-container-core-buttons-is-layout-6e6ac3ee wp-block-buttons-is-layout-flex\">\n<div class=\"wp-block-button\"><a class=\"wp-block-button__link wp-element-button\" href=\"https:\/\/www.esterel-cotedazur.com\/fiches\/saint-raph-jazz-festival\/\">d\u00e9couvrir<\/a><\/div>\n<\/div>\n<\/div>\n<\/div><figure class=\"wp-block-media-text__media\"><img data-dominant-color=\"282022\" data-has-transparency=\"false\" style=\"--dominant-color: #282022;\" loading=\"lazy\" decoding=\"async\" width=\"1000\" height=\"710\" src=\"https:\/\/www.weekend-provence.fr\/app\/uploads\/2025\/07\/8a5503900918dadd7f47ee4a9fd16830-32122532-1000x710-1.webp\" alt=\"\" class=\"wp-image-1587 size-full not-transparent\" srcset=\"https:\/\/www.weekend-provence.fr\/app\/uploads\/2025\/07\/8a5503900918dadd7f47ee4a9fd16830-32122532-1000x710-1.webp 1000w, https:\/\/www.weekend-provence.fr\/app\/uploads\/2025\/07\/8a5503900918dadd7f47ee4a9fd16830-32122532-1000x710-1-300x213.webp 300w, https:\/\/www.weekend-provence.fr\/app\/uploads\/2025\/07\/8a5503900918dadd7f47ee4a9fd16830-32122532-1000x710-1-768x545.webp 768w\" sizes=\"auto, (max-width: 1000px) 100vw, 1000px\" \/><\/figure><\/div>\n\n\n\n<div class=\"wp-block-media-text alignwide is-stacked-on-mobile\" style=\"grid-template-columns:30% auto\"><figure class=\"wp-block-media-text__media\"><img data-dominant-color=\"5a6c7a\" data-has-transparency=\"false\" style=\"--dominant-color: #5a6c7a;\" loading=\"lazy\" decoding=\"async\" width=\"1024\" height=\"1024\" src=\"https:\/\/www.weekend-provence.fr\/app\/uploads\/2025\/07\/1x1-OOH-ads_2-1024x1024.webp\" alt=\"\" class=\"wp-image-1589 size-full not-transparent\" srcset=\"https:\/\/www.weekend-provence.fr\/app\/uploads\/2025\/07\/1x1-OOH-ads_2-1024x1024.webp 1024w, https:\/\/www.weekend-provence.fr\/app\/uploads\/2025\/07\/1x1-OOH-ads_2-300x300.webp 300w, https:\/\/www.weekend-provence.fr\/app\/uploads\/2025\/07\/1x1-OOH-ads_2-768x768.webp 768w, https:\/\/www.weekend-provence.fr\/app\/uploads\/2025\/07\/1x1-OOH-ads_2.webp 1080w\" sizes=\"auto, (max-width: 1024px) 100vw, 1024px\" \/><\/figure><div class=\"wp-block-media-text__content\">\n<div class=\"wp-block-group is-layout-constrained wp-block-group-is-layout-constrained\">\n<h4 class=\"wp-block-heading\">Fr\u00e9jus &amp; Saint-Rapha\u00ebl \u2013 T100 WORLD TOUR et WTCS 2025<\/h4>\n\n\n\n<p class=\"wp-block-paragraph\"><strong>Du sport au rang de spectacle<\/strong><br>M\u00eame si ce n\u2019est pas un festival musical, ce double \u00e9v\u00e9nement mondial allie performances sportives et ambiance de village festif. Musique, animations, foodtrucks et village partenaires transforment la c\u00f4te en sc\u00e8ne vibrante.<\/p>\n\n\n\n<div class=\"wp-block-buttons is-layout-flex wp-block-buttons-is-layout-flex\">\n<div class=\"wp-block-button\"><a class=\"wp-block-button__link wp-element-button\" href=\"https:\/\/www.esterel-cotedazur.com\/blog\/evenement\/t100-world-tour-et-wtcs-2025\/\">d\u00e9couvrir<\/a><\/div>\n<\/div>\n<\/div>\n<\/div><\/div>\n\n\n\n<h2 class=\"wp-block-heading\">R\u00e9servez votre escapade estivale !<\/h2>\n\n\n\n<p class=\"wp-block-paragraph\">Cet \u00e9t\u00e9, <strong>nos destinations<\/strong> vous r\u00e9servent des festivals pour tous les go\u00fbts et toutes les envies. Ne tardez pas \u00e0 r\u00e9server votre h\u00e9bergement sur <a class=\"\" href=\"https:\/\/www.weekend-provence.fr\/fr\">weekend-provence.fr<\/a> et laissez-vous emporter par des moments uniques au c\u0153ur de la Provence ! \ud83c\udf3f<\/p>\n<\/div>\n\n\n\n<div class=\"wp-block-group alignwide is-layout-constrained wp-block-group-is-layout-constrained\">\n<h2 class=\"wp-block-heading alignfull\">A lire aussi<\/h2>\n\n\n<div class=\"relative wp-block-fmz-slider alignfull\">\n<div class=\"wp-block-query alignfull is-layout-flow wp-block-query-is-layout-flow fmz-slider-1863777733049948 swiper\"><ul class=\"swiper-wrapper\"><li class=\"wp-block-post post-2332 post type-post status-publish format-standard has-post-thumbnail hentry category-destination category-sejours category-week-end swiper-slide\">\n\n<div class=\"wp-block-cover has-custom-content-position is-position-bottom-left\" style=\"border-radius:16px\"><span aria-hidden=\"true\" class=\"wp-block-cover__background has-background-dim has-background-gradient has-bg-gradient-to-black-bottom-gradient-background\"><\/span><img loading=\"lazy\" decoding=\"async\" width=\"1200\" height=\"1200\" src=\"https:\/\/www.weekend-provence.fr\/app\/uploads\/2026\/04\/Design-sans-titre-19-png.webp\" class=\"wp-block-cover__image-background not-transparent wp-post-image\" alt=\"\" data-object-fit=\"cover\" srcset=\"https:\/\/www.weekend-provence.fr\/app\/uploads\/2026\/04\/Design-sans-titre-19-png.webp 1200w, https:\/\/www.weekend-provence.fr\/app\/uploads\/2026\/04\/Design-sans-titre-19-300x300-2.png 300w, https:\/\/www.weekend-provence.fr\/app\/uploads\/2026\/04\/Design-sans-titre-19-768x768-1.png 768w, https:\/\/www.weekend-provence.fr\/app\/uploads\/2026\/04\/Design-sans-titre-19-1024x1024-1.png 1024w\" sizes=\"auto, (max-width: 1200px) 100vw, 1200px\" data-has-transparency=\"false\" data-dominant-color=\"687986\" style=\"--dominant-color: #687986;\" \/><div class=\"wp-block-cover__inner-container is-layout-constrained wp-block-cover-is-layout-constrained\"><h2 class=\"wp-block-post-title\"><a href=\"https:\/\/www.weekend-provence.fr\/fr\/le-guide-ultime-du-slow-tourisme-en-provence\" target=\"_self\" >Le guide ultime du slow tourisme en Provence<\/a><\/h2>\n\n<div class=\"wp-block-post-date\"><time datetime=\"2026-04-16T07:28:16+00:00\">16 avril 2026<\/time><\/div><\/div><\/div>\n\n<\/li><li class=\"wp-block-post post-2258 post type-post status-publish format-standard has-post-thumbnail hentry category-destination swiper-slide\">\n\n<div class=\"wp-block-cover has-custom-content-position is-position-bottom-left\" style=\"border-radius:16px\"><span aria-hidden=\"true\" class=\"wp-block-cover__background has-background-dim has-background-gradient has-bg-gradient-to-black-bottom-gradient-background\"><\/span><img loading=\"lazy\" decoding=\"async\" width=\"1200\" height=\"1200\" src=\"https:\/\/www.weekend-provence.fr\/app\/uploads\/2026\/03\/1-1.webp\" class=\"wp-block-cover__image-background not-transparent wp-post-image\" alt=\"\" data-object-fit=\"cover\" srcset=\"https:\/\/www.weekend-provence.fr\/app\/uploads\/2026\/03\/1-1.webp 1200w, https:\/\/www.weekend-provence.fr\/app\/uploads\/2026\/03\/1-1-300x300.webp 300w, https:\/\/www.weekend-provence.fr\/app\/uploads\/2026\/03\/1-1-1024x1024.webp 1024w, https:\/\/www.weekend-provence.fr\/app\/uploads\/2026\/03\/1-1-768x768.webp 768w\" sizes=\"auto, (max-width: 1200px) 100vw, 1200px\" data-has-transparency=\"false\" data-dominant-color=\"8d8879\" style=\"--dominant-color: #8d8879;\" \/><div class=\"wp-block-cover__inner-container is-layout-constrained wp-block-cover-is-layout-constrained\"><h2 class=\"wp-block-post-title\"><a href=\"https:\/\/www.weekend-provence.fr\/fr\/ou-admirer-les-premieres-fleurs-de-printemps-en-provence\" target=\"_self\" >O\u00f9 admirer les premi\u00e8res fleurs de printemps en Provence ?<\/a><\/h2>\n\n<div class=\"wp-block-post-date\"><time datetime=\"2026-03-03T10:31:28+00:00\">3 mars 2026<\/time><\/div><\/div><\/div>\n\n<\/li><li class=\"wp-block-post post-2182 post type-post status-publish format-standard has-post-thumbnail hentry category-en-couple category-sejours swiper-slide\">\n\n<div class=\"wp-block-cover has-custom-content-position is-position-bottom-left\" style=\"border-radius:16px\"><span aria-hidden=\"true\" class=\"wp-block-cover__background has-background-dim has-background-gradient has-bg-gradient-to-black-bottom-gradient-background\"><\/span><img loading=\"lazy\" decoding=\"async\" width=\"1920\" height=\"1080\" src=\"https:\/\/www.weekend-provence.fr\/app\/uploads\/2024\/06\/Romantique-1.webp\" class=\"wp-block-cover__image-background not-transparent wp-post-image\" alt=\"\" data-object-fit=\"cover\" srcset=\"https:\/\/www.weekend-provence.fr\/app\/uploads\/2024\/06\/Romantique-1.webp 1920w, https:\/\/www.weekend-provence.fr\/app\/uploads\/2024\/06\/Romantique-1-300x169.webp 300w, https:\/\/www.weekend-provence.fr\/app\/uploads\/2024\/06\/Romantique-1-1024x576.webp 1024w, https:\/\/www.weekend-provence.fr\/app\/uploads\/2024\/06\/Romantique-1-768x432.webp 768w, https:\/\/www.weekend-provence.fr\/app\/uploads\/2024\/06\/Romantique-1-1536x864.webp 1536w\" sizes=\"auto, (max-width: 1920px) 100vw, 1920px\" data-has-transparency=\"false\" data-dominant-color=\"9e704d\" style=\"--dominant-color: #9e704d;\" \/><div class=\"wp-block-cover__inner-container is-layout-constrained wp-block-cover-is-layout-constrained\"><h2 class=\"wp-block-post-title\"><a href=\"https:\/\/www.weekend-provence.fr\/fr\/special-saint-valentin-les-lieux-les-plus-romantiques\" target=\"_self\" >Sp\u00e9cial Saint-Valentin : les lieux les plus romantiques<\/a><\/h2>\n\n<div class=\"wp-block-post-date\"><time datetime=\"2026-01-26T10:30:18+00:00\">26 janvier 2026<\/time><\/div><\/div><\/div>\n\n<\/li><li class=\"wp-block-post post-2136 post type-post status-publish format-standard has-post-thumbnail hentry category-destination swiper-slide\">\n\n<div class=\"wp-block-cover has-custom-content-position is-position-bottom-left\" style=\"border-radius:16px\"><span aria-hidden=\"true\" class=\"wp-block-cover__background has-background-dim has-background-gradient has-bg-gradient-to-black-bottom-gradient-background\"><\/span><img loading=\"lazy\" decoding=\"async\" width=\"2560\" height=\"1705\" src=\"https:\/\/www.weekend-provence.fr\/app\/uploads\/2026\/01\/DJI_0360-scaled.webp\" class=\"wp-block-cover__image-background not-transparent wp-post-image\" alt=\"\" data-object-fit=\"cover\" srcset=\"https:\/\/www.weekend-provence.fr\/app\/uploads\/2026\/01\/DJI_0360-scaled.webp 2560w, https:\/\/www.weekend-provence.fr\/app\/uploads\/2026\/01\/DJI_0360-300x200.webp 300w, https:\/\/www.weekend-provence.fr\/app\/uploads\/2026\/01\/DJI_0360-1024x682.webp 1024w, https:\/\/www.weekend-provence.fr\/app\/uploads\/2026\/01\/DJI_0360-768x512.webp 768w, https:\/\/www.weekend-provence.fr\/app\/uploads\/2026\/01\/DJI_0360-1536x1023.webp 1536w, https:\/\/www.weekend-provence.fr\/app\/uploads\/2026\/01\/DJI_0360-2048x1364.webp 2048w\" sizes=\"auto, (max-width: 2560px) 100vw, 2560px\" data-has-transparency=\"false\" data-dominant-color=\"688f9e\" style=\"--dominant-color: #688f9e;\" \/><div class=\"wp-block-cover__inner-container is-layout-constrained wp-block-cover-is-layout-constrained\"><h2 class=\"wp-block-post-title\"><a href=\"https:\/\/www.weekend-provence.fr\/fr\/les-meilleures-randonnees-a-decouvrir-en-hiver\" target=\"_self\" >Les meilleures randonn\u00e9es \u00e0 d\u00e9couvrir en hiver<\/a><\/h2>\n\n<div class=\"wp-block-post-date\"><time datetime=\"2026-01-06T09:15:52+00:00\">6 janvier 2026<\/time><\/div><\/div><\/div>\n\n<\/li><li class=\"wp-block-post post-2047 post type-post status-publish format-standard has-post-thumbnail hentry category-saison category-sejours category-week-end swiper-slide\">\n\n<div class=\"wp-block-cover has-custom-content-position is-position-bottom-left\" style=\"border-radius:16px\"><span aria-hidden=\"true\" class=\"wp-block-cover__background has-background-dim has-background-gradient has-bg-gradient-to-black-bottom-gradient-background\"><\/span><img loading=\"lazy\" decoding=\"async\" width=\"2560\" height=\"1707\" src=\"https:\/\/www.weekend-provence.fr\/app\/uploads\/2025\/11\/pexels-george-dolgikh-551816-1303088-scaled-e1764059149887.webp\" class=\"wp-block-cover__image-background not-transparent wp-post-image\" alt=\"\" data-object-fit=\"cover\" data-has-transparency=\"false\" data-dominant-color=\"714c36\" style=\"--dominant-color: #714c36;\" \/><div class=\"wp-block-cover__inner-container is-layout-constrained wp-block-cover-is-layout-constrained\"><h2 class=\"wp-block-post-title\"><a href=\"https:\/\/www.weekend-provence.fr\/fr\/bons-cadeaux-a-offrir-a-noel\" target=\"_self\" >Bons cadeaux \u00e0 offrir \u00e0 No\u00ebl<\/a><\/h2>\n\n<div class=\"wp-block-post-date\"><time datetime=\"2025-11-25T08:45:56+00:00\">25 novembre 2025<\/time><\/div><\/div><\/div>\n\n<\/li><li class=\"wp-block-post post-1836 post type-post status-publish format-standard has-post-thumbnail hentry category-entre-amis category-saison category-sejours category-tous-les-articles swiper-slide\">\n\n<div class=\"wp-block-cover has-custom-content-position is-position-bottom-left\" style=\"border-radius:16px\"><span aria-hidden=\"true\" class=\"wp-block-cover__background has-background-dim has-background-gradient has-bg-gradient-to-black-bottom-gradient-background\"><\/span><img loading=\"lazy\" decoding=\"async\" width=\"2560\" height=\"1707\" src=\"https:\/\/www.weekend-provence.fr\/app\/uploads\/2025\/10\/alex-bertha-Jyg7xHRmXiU-unsplash-scaled.webp\" class=\"wp-block-cover__image-background not-transparent wp-post-image\" alt=\"\" data-object-fit=\"cover\" srcset=\"https:\/\/www.weekend-provence.fr\/app\/uploads\/2025\/10\/alex-bertha-Jyg7xHRmXiU-unsplash-scaled.webp 2560w, https:\/\/www.weekend-provence.fr\/app\/uploads\/2025\/10\/alex-bertha-Jyg7xHRmXiU-unsplash-300x200.webp 300w, https:\/\/www.weekend-provence.fr\/app\/uploads\/2025\/10\/alex-bertha-Jyg7xHRmXiU-unsplash-1024x683.webp 1024w, https:\/\/www.weekend-provence.fr\/app\/uploads\/2025\/10\/alex-bertha-Jyg7xHRmXiU-unsplash-768x512.webp 768w, https:\/\/www.weekend-provence.fr\/app\/uploads\/2025\/10\/alex-bertha-Jyg7xHRmXiU-unsplash-1536x1024.webp 1536w, https:\/\/www.weekend-provence.fr\/app\/uploads\/2025\/10\/alex-bertha-Jyg7xHRmXiU-unsplash-2048x1365.webp 2048w\" sizes=\"auto, (max-width: 2560px) 100vw, 2560px\" data-has-transparency=\"false\" data-dominant-color=\"a6c2cd\" style=\"--dominant-color: #a6c2cd;\" \/><div class=\"wp-block-cover__inner-container is-layout-constrained wp-block-cover-is-layout-constrained\"><h2 class=\"wp-block-post-title\"><a href=\"https:\/\/www.weekend-provence.fr\/fr\/sejours-bien-etre-profitez-de-lautomne-en-provence-pour-vous-ressourcer\" target=\"_self\" >S\u00e9jours bien-\u00eatre : profitez de l\u2019automne en Provence pour vous ressourcer<\/a><\/h2>\n\n<div class=\"wp-block-post-date\"><time datetime=\"2025-10-22T07:02:59+00:00\">22 octobre 2025<\/time><\/div><\/div><\/div>\n\n<\/li><li class=\"wp-block-post post-1781 post type-post status-publish format-standard has-post-thumbnail hentry category-destination category-entre-amis category-saison category-sejours category-tous-les-articles swiper-slide\">\n\n<div class=\"wp-block-cover has-custom-content-position is-position-bottom-left\" style=\"border-radius:16px\"><span aria-hidden=\"true\" class=\"wp-block-cover__background has-background-dim has-background-gradient has-bg-gradient-to-black-bottom-gradient-background\"><\/span><img loading=\"lazy\" decoding=\"async\" width=\"1120\" height=\"1067\" src=\"https:\/\/www.weekend-provence.fr\/app\/uploads\/2025\/10\/les-voiles-de-saint-tropez_7217773_6-e1759478350559.webp\" class=\"wp-block-cover__image-background not-transparent wp-post-image\" alt=\"\" data-object-fit=\"cover\" srcset=\"https:\/\/www.weekend-provence.fr\/app\/uploads\/2025\/10\/les-voiles-de-saint-tropez_7217773_6-e1759478350559.webp 1120w, https:\/\/www.weekend-provence.fr\/app\/uploads\/2025\/10\/les-voiles-de-saint-tropez_7217773_6-e1759478350559-300x286.webp 300w, https:\/\/www.weekend-provence.fr\/app\/uploads\/2025\/10\/les-voiles-de-saint-tropez_7217773_6-e1759478350559-1024x976.webp 1024w, https:\/\/www.weekend-provence.fr\/app\/uploads\/2025\/10\/les-voiles-de-saint-tropez_7217773_6-e1759478350559-768x732.webp 768w\" sizes=\"auto, (max-width: 1120px) 100vw, 1120px\" data-has-transparency=\"false\" data-dominant-color=\"abaaaf\" style=\"--dominant-color: #abaaaf;\" \/><div class=\"wp-block-cover__inner-container is-layout-constrained wp-block-cover-is-layout-constrained\"><h2 class=\"wp-block-post-title\"><a href=\"https:\/\/www.weekend-provence.fr\/fr\/bien-preparer-votre-escapade-en-provence-les-incontournables-doctobre\" target=\"_self\" >Bien pr\u00e9parer votre escapade en Provence : les incontournables d\u2019octobre<\/a><\/h2>\n\n<div class=\"wp-block-post-date\"><time datetime=\"2025-10-03T08:31:48+00:00\">3 octobre 2025<\/time><\/div><\/div><\/div>\n\n<\/li><li class=\"wp-block-post post-1683 post type-post status-publish format-standard has-post-thumbnail hentry category-destination category-en-couple category-entre-amis category-saison category-tous-les-articles swiper-slide\">\n\n<div class=\"wp-block-cover has-custom-content-position is-position-bottom-left\" style=\"border-radius:16px\"><span aria-hidden=\"true\" class=\"wp-block-cover__background has-background-dim has-background-gradient has-bg-gradient-to-black-bottom-gradient-background\"><\/span><img loading=\"lazy\" decoding=\"async\" width=\"2560\" height=\"1922\" src=\"https:\/\/www.weekend-provence.fr\/app\/uploads\/2025\/09\/pexels-david-sotto-1346078053-28304430-scaled.webp\" class=\"wp-block-cover__image-background not-transparent wp-post-image\" alt=\"\" data-object-fit=\"cover\" srcset=\"https:\/\/www.weekend-provence.fr\/app\/uploads\/2025\/09\/pexels-david-sotto-1346078053-28304430-scaled.webp 2560w, https:\/\/www.weekend-provence.fr\/app\/uploads\/2025\/09\/pexels-david-sotto-1346078053-28304430-300x225.webp 300w, https:\/\/www.weekend-provence.fr\/app\/uploads\/2025\/09\/pexels-david-sotto-1346078053-28304430-1024x769.webp 1024w, https:\/\/www.weekend-provence.fr\/app\/uploads\/2025\/09\/pexels-david-sotto-1346078053-28304430-768x577.webp 768w, https:\/\/www.weekend-provence.fr\/app\/uploads\/2025\/09\/pexels-david-sotto-1346078053-28304430-1536x1153.webp 1536w, https:\/\/www.weekend-provence.fr\/app\/uploads\/2025\/09\/pexels-david-sotto-1346078053-28304430-2048x1538.webp 2048w\" sizes=\"auto, (max-width: 2560px) 100vw, 2560px\" data-has-transparency=\"false\" data-dominant-color=\"827c61\" style=\"--dominant-color: #827c61;\" \/><div class=\"wp-block-cover__inner-container is-layout-constrained wp-block-cover-is-layout-constrained\"><h2 class=\"wp-block-post-title\"><a href=\"https:\/\/www.weekend-provence.fr\/fr\/les-vendanges-en-provence-decouvrez-loenotourisme-en-septembre\" target=\"_self\" >Les vendanges en Provence : d\u00e9couvrez l\u2019\u0153notourisme en septembre<\/a><\/h2>\n\n<div class=\"wp-block-post-date\"><time datetime=\"2025-09-02T09:54:33+00:00\">2 septembre 2025<\/time><\/div><\/div><\/div>\n\n<\/li><li class=\"wp-block-post post-1638 post type-post status-publish format-standard has-post-thumbnail hentry category-destination category-en-couple category-week-end category-tous-les-articles swiper-slide\">\n\n<div class=\"wp-block-cover has-custom-content-position is-position-bottom-left\" style=\"border-radius:16px\"><span aria-hidden=\"true\" class=\"wp-block-cover__background has-background-dim has-background-gradient has-bg-gradient-to-black-bottom-gradient-background\"><\/span><img loading=\"lazy\" decoding=\"async\" width=\"1800\" height=\"1201\" src=\"https:\/\/www.weekend-provence.fr\/app\/uploads\/2025\/08\/ECA8030-jpg-e1754471241705.webp\" class=\"wp-block-cover__image-background not-transparent wp-post-image\" alt=\"\" data-object-fit=\"cover\" data-has-transparency=\"false\" data-dominant-color=\"a3bbbc\" style=\"--dominant-color: #a3bbbc;\" \/><div class=\"wp-block-cover__inner-container is-layout-constrained wp-block-cover-is-layout-constrained\"><h2 class=\"wp-block-post-title\"><a href=\"https:\/\/www.weekend-provence.fr\/fr\/top-des-plus-belles-baignades\" target=\"_self\" >Top des plus belles baignades<\/a><\/h2>\n\n<div class=\"wp-block-post-date\"><time datetime=\"2025-08-06T09:07:43+00:00\">6 ao\u00fbt 2025<\/time><\/div><\/div><\/div>\n\n<\/li><li class=\"wp-block-post post-1488 post type-post status-publish format-standard has-post-thumbnail hentry category-tous-les-articles swiper-slide\">\n\n<div class=\"wp-block-cover has-custom-content-position is-position-bottom-left\" style=\"border-radius:16px\"><span aria-hidden=\"true\" class=\"wp-block-cover__background has-background-dim has-background-gradient has-bg-gradient-to-black-bottom-gradient-background\"><\/span><img loading=\"lazy\" decoding=\"async\" width=\"2560\" height=\"2560\" src=\"https:\/\/www.weekend-provence.fr\/app\/uploads\/2025\/06\/ECA7660-scaled.webp\" class=\"wp-block-cover__image-background not-transparent wp-post-image\" alt=\"\" data-object-fit=\"cover\" srcset=\"https:\/\/www.weekend-provence.fr\/app\/uploads\/2025\/06\/ECA7660-scaled.webp 2560w, https:\/\/www.weekend-provence.fr\/app\/uploads\/2025\/06\/ECA7660-300x300.webp 300w, https:\/\/www.weekend-provence.fr\/app\/uploads\/2025\/06\/ECA7660-1024x1024.webp 1024w, https:\/\/www.weekend-provence.fr\/app\/uploads\/2025\/06\/ECA7660-768x768.webp 768w, https:\/\/www.weekend-provence.fr\/app\/uploads\/2025\/06\/ECA7660-1536x1536.webp 1536w, https:\/\/www.weekend-provence.fr\/app\/uploads\/2025\/06\/ECA7660-2048x2048.webp 2048w, https:\/\/www.weekend-provence.fr\/app\/uploads\/2025\/06\/ECA7660-1280x1280.webp 1280w\" sizes=\"auto, (max-width: 2560px) 100vw, 2560px\" data-has-transparency=\"false\" data-dominant-color=\"868276\" style=\"--dominant-color: #868276;\" \/><div class=\"wp-block-cover__inner-container is-layout-constrained wp-block-cover-is-layout-constrained\"><h2 class=\"wp-block-post-title\"><a href=\"https:\/\/www.weekend-provence.fr\/fr\/les-hebergements-insolites-a-decouvrir-cet-ete\" target=\"_self\" >Les h\u00e9bergements insolites \u00e0 d\u00e9couvrir cet \u00e9t\u00e9<\/a><\/h2>\n\n<div class=\"wp-block-post-date\"><time datetime=\"2025-06-26T12:12:57+00:00\">26 juin 2025<\/time><\/div><\/div><\/div>\n\n<\/li><\/ul><\/div>\n<div class=\"swiper-prev-1863777733049948\"><div class=\"fa-4x h-full flex items-center absolute z-10 top-1\/2 -translate-x-1\/2 -translate-y-1\/2 left-0 right-auto cursor-pointer\">\n\t\t<span class=\"fa-layers fa-fw z-10\">\n\t\t\t<i class=\"fa-solid fa-circle text-white dark:text-black\"><\/i>\n\t\t\t<i class=\"fa-light fa-angle-left text-black dark:text-white\" data-fa-transform=\"shrink-6\"><\/i>\n\t\t<\/span>\n\t<\/div><\/div><div class=\"swiper-next-1863777733049948\"><div class=\"fa-4x h-full flex items-center absolute z-10 top-1\/2 translate-x-1\/2 -translate-y-1\/2 right-0 left-auto cursor-pointer\">\n\t\t<span class=\"fa-layers fa-fw z-10\">\n\t\t\t<i class=\"fa-solid fa-circle text-white dark:text-black\"><\/i>\n\t\t\t<i class=\"fa-light fa-angle-right text-black dark:text-white\" data-fa-transform=\"shrink-6\"><\/i>\n\t\t<\/span>\n\t<\/div><\/div><\/div><div class=\"fmz-slider-thumbs-container-1863777733049948 wp-block-fmz-slider alignfull\"><\/div>\n\t<script>\n\t\t\t\tnew Swiper('.fmz-slider-1863777733049948', {\n\t\t\t\n        \n        slidesPerView: 1,\n        spaceBetween: 20,\n        centeredSlides: false,\n        speed: 300,\n        loop: true,\n\t\t\t\tdirection: 'horizontal',\n\t\t\t\teffect: 'slide',\n        breakpoints:{ \n          576: { \n            slidesPerView: 2,\n            spaceBetween: 20,\n\t\t\t\t\t\tcenteredSlides: false,\n          }, \n          992: { \n            slidesPerView: 3,\n            spaceBetween: 20,\n\t\t\t\t\t\tcenteredSlides: false,\n          },\n          1200: {\n            slidesPerView: 3,\n            spaceBetween: 20,\n\t\t\t\t\t\tcenteredSlides: false,\n          },\n          1400: {\n            slidesPerView: 3,\n            spaceBetween: 20,\n\t\t\t\t\t\tcenteredSlides: false,\n          }\n        }\n      ,\n\t\t\t\t\t\t\tnavigation: { \n\t\t\t\t\tnextEl: '.swiper-next-1863777733049948', \n\t\t\t\t\tprevEl: '.swiper-prev-1863777733049948'\n\t\t\t\t},\n\t\t\t\t\t\t\t\t\ta11y: {\n\t\t\t\tenabled: true,\n\t\t\t\tprevSlideMessage: 'Previous slide',\n\t\t\t\tnextSlideMessage: 'Next slide',\n\t\t\t\tfirstSlideMessage: 'First slide',\n\t\t\t\tlastSlideMessage: 'Last slide',\n\t\t\t\tpaginationBulletMessage: 'Slide {{index}}',\n\t\t\t},\n\t\t\t\t\t\twatchSlidesProgress: true,\n\t\t\twatchOverflow: true\n\t\t} )\n\t<\/script>\n\t\n\t<\/div>\n","protected":false},"excerpt":{"rendered":"<p>Quand les beaux jours s\u2019installent, le Sud de la France vibre au rythme des festivals. Musique, cin\u00e9ma, patrimoine et spectacles s\u2019invitent dans les ruelles, les clo\u00eetres et les domaines viticoles, cr\u00e9ant des soir\u00e9es inoubliables \u00e0 la belle \u00e9toile. Voici les rendez-vous incontournables de l\u2019\u00e9t\u00e9 dans deux territoires authentiques et vibrants : la Provence Verte &amp;&#8230;<\/p>\n","protected":false},"author":2,"featured_media":1591,"comment_status":"open","ping_status":"open","sticky":false,"template":"","format":"standard","meta":{"_acf_changed":false,"_crdt_document":"","footnotes":""},"categories":[27,24,26,22,1],"tags":[],"class_list":["post-1568","post","type-post","status-publish","format-standard","has-post-thumbnail","hentry","category-destination","category-entre-amis","category-saison","category-sejours","category-tous-les-articles"],"acf":[],"_links":{"self":[{"href":"https:\/\/www.weekend-provence.fr\/fr\/wp-json\/wp\/v2\/posts\/1568","targetHints":{"allow":["GET"]}}],"collection":[{"href":"https:\/\/www.weekend-provence.fr\/fr\/wp-json\/wp\/v2\/posts"}],"about":[{"href":"https:\/\/www.weekend-provence.fr\/fr\/wp-json\/wp\/v2\/types\/post"}],"author":[{"embeddable":true,"href":"https:\/\/www.weekend-provence.fr\/fr\/wp-json\/wp\/v2\/users\/2"}],"replies":[{"embeddable":true,"href":"https:\/\/www.weekend-provence.fr\/fr\/wp-json\/wp\/v2\/comments?post=1568"}],"version-history":[{"count":14,"href":"https:\/\/www.weekend-provence.fr\/fr\/wp-json\/wp\/v2\/posts\/1568\/revisions"}],"predecessor-version":[{"id":2024,"href":"https:\/\/www.weekend-provence.fr\/fr\/wp-json\/wp\/v2\/posts\/1568\/revisions\/2024"}],"wp:featuredmedia":[{"embeddable":true,"href":"https:\/\/www.weekend-provence.fr\/fr\/wp-json\/wp\/v2\/media\/1591"}],"wp:attachment":[{"href":"https:\/\/www.weekend-provence.fr\/fr\/wp-json\/wp\/v2\/media?parent=1568"}],"wp:term":[{"taxonomy":"category","embeddable":true,"href":"https:\/\/www.weekend-provence.fr\/fr\/wp-json\/wp\/v2\/categories?post=1568"},{"taxonomy":"post_tag","embeddable":true,"href":"https:\/\/www.weekend-provence.fr\/fr\/wp-json\/wp\/v2\/tags?post=1568"}],"curies":[{"name":"wp","href":"https:\/\/api.w.org\/{rel}","templated":true}]}}