{"id":1638,"date":"2025-08-06T09:07:43","date_gmt":"2025-08-06T09:07:43","guid":{"rendered":"https:\/\/www.weekend-provence.fr\/?p=1638"},"modified":"2025-11-20T10:54:24","modified_gmt":"2025-11-20T10:54:24","slug":"top-des-plus-belles-baignades","status":"publish","type":"post","link":"https:\/\/www.weekend-provence.fr\/fr\/top-des-plus-belles-baignades","title":{"rendered":"Top des plus belles baignades"},"content":{"rendered":"\n<div class=\"wp-block-group is-layout-constrained wp-block-group-is-layout-constrained\">\n<div class=\"wp-block-group is-layout-constrained wp-block-group-is-layout-constrained\">\n<p class=\"wp-block-paragraph\">Envie de fra\u00eecheur ? Voici notre s\u00e9lection des plus belles baignades \u00e0 vivre sur nos territoires : entre criques, plages et calanques, vous trouverez forc\u00e9ment votre coin de paradis.<\/p>\n\n\n\n<h2 class=\"wp-block-heading\">Golfe de Saint-Tropez<\/h2>\n<\/div>\n<\/div>\n\n\n\n<div class=\"wp-block-group is-layout-constrained wp-block-group-is-layout-constrained\">\n<div class=\"wp-block-media-text is-stacked-on-mobile\" style=\"grid-template-columns:23% auto\"><figure class=\"wp-block-media-text__media\"><img data-dominant-color=\"8a9593\" data-has-transparency=\"false\" style=\"--dominant-color: #8a9593;\" loading=\"lazy\" decoding=\"async\" width=\"1024\" height=\"1024\" src=\"https:\/\/www.weekend-provence.fr\/app\/uploads\/2025\/08\/1-1024x1024.webp\" alt=\"\" class=\"wp-image-1643 size-full not-transparent\" srcset=\"https:\/\/www.weekend-provence.fr\/app\/uploads\/2025\/08\/1-1024x1024.webp 1024w, https:\/\/www.weekend-provence.fr\/app\/uploads\/2025\/08\/1-300x300.webp 300w, https:\/\/www.weekend-provence.fr\/app\/uploads\/2025\/08\/1-768x768.webp 768w, https:\/\/www.weekend-provence.fr\/app\/uploads\/2025\/08\/1.webp 1200w\" sizes=\"auto, (max-width: 1024px) 100vw, 1024px\" \/><\/figure><div class=\"wp-block-media-text__content\">\n<h4 class=\"wp-block-heading\">Plage de Gigaro, La Croix-Valmer<\/h4>\n\n\n\n<p class=\"wp-block-paragraph\">Avec son sable fin parfait pour les ch\u00e2teaux de sable et ses eaux claires, la plage de Gigaro est le rep\u00e8re id\u00e9al pour les familles. Entre farniente, baignades tranquilles et explorations en masque et tuba, petits et grands trouvent ici un terrain de jeu naturel et s\u00e9curis\u00e9.<\/p>\n<\/div><\/div>\n<\/div>\n\n\n\n<div class=\"wp-block-group is-layout-constrained wp-block-group-is-layout-constrained\">\n<div class=\"wp-block-media-text has-media-on-the-right is-stacked-on-mobile\" style=\"grid-template-columns:auto 23%\"><div class=\"wp-block-media-text__content\">\n<h4 class=\"wp-block-heading\">Plage de Pampelonne, Ramatuelle<\/h4>\n\n\n\n<p class=\"wp-block-paragraph\">Iconique et mondaine, la plage de Pampelonne s&rsquo;\u00e9tend sur 5 km de sable blond. Class\u00e9e \u00ab espace naturel remarquable \u00bb, elle mixe avec brio clubs chics, restaurants festifs et coins plus accessibles, le tout dans un d\u00e9cor de carte postale.<\/p>\n<\/div><figure class=\"wp-block-media-text__media\"><img data-dominant-color=\"7195a7\" data-has-transparency=\"false\" style=\"--dominant-color: #7195a7;\" loading=\"lazy\" decoding=\"async\" width=\"1200\" height=\"1200\" src=\"https:\/\/www.weekend-provence.fr\/app\/uploads\/2025\/08\/4-1024x1024.webp\" alt=\"\" class=\"wp-image-1645 size-full not-transparent\" srcset=\"https:\/\/www.weekend-provence.fr\/app\/uploads\/2025\/08\/4-1024x1024.webp 1024w, https:\/\/www.weekend-provence.fr\/app\/uploads\/2025\/08\/4-300x300.webp 300w, https:\/\/www.weekend-provence.fr\/app\/uploads\/2025\/08\/4-768x768.webp 768w, https:\/\/www.weekend-provence.fr\/app\/uploads\/2025\/08\/4.webp 1200w\" sizes=\"auto, (max-width: 1200px) 100vw, 1200px\" \/><\/figure><\/div>\n<\/div>\n\n\n\n<div class=\"wp-block-group is-layout-constrained wp-block-group-is-layout-constrained\">\n<div class=\"wp-block-media-text is-stacked-on-mobile\" style=\"grid-template-columns:23% auto\"><figure class=\"wp-block-media-text__media\"><img data-dominant-color=\"688fa2\" data-has-transparency=\"false\" style=\"--dominant-color: #688fa2;\" loading=\"lazy\" decoding=\"async\" width=\"1024\" height=\"1024\" src=\"https:\/\/www.weekend-provence.fr\/app\/uploads\/2025\/08\/6-1024x1024.webp\" alt=\"\" class=\"wp-image-1649 size-full not-transparent\" srcset=\"https:\/\/www.weekend-provence.fr\/app\/uploads\/2025\/08\/6-1024x1024.webp 1024w, https:\/\/www.weekend-provence.fr\/app\/uploads\/2025\/08\/6-300x300.webp 300w, https:\/\/www.weekend-provence.fr\/app\/uploads\/2025\/08\/6-768x768.webp 768w, https:\/\/www.weekend-provence.fr\/app\/uploads\/2025\/08\/6.webp 1200w\" sizes=\"auto, (max-width: 1024px) 100vw, 1024px\" \/><\/figure><div class=\"wp-block-media-text__content\">\n<h4 class=\"wp-block-heading\">Plage du Rayol, Rayol-Canadel<\/h4>\n\n\n\n<p class=\"wp-block-paragraph\">Ici, pas de foule ni de musique forte. Le sable gris paillet\u00e9, les criques sauvages et l&rsquo;eau turquoise offrent un cadre intime et pr\u00e9serv\u00e9, id\u00e9al pour les amoureux de nature en qu\u00eate de ressourcement.<\/p>\n<\/div><\/div>\n<\/div>\n\n\n\n<div class=\"wp-block-group is-layout-constrained wp-block-group-is-layout-constrained\">\n<div class=\"wp-block-media-text has-media-on-the-right is-stacked-on-mobile\" style=\"grid-template-columns:auto 23%\"><div class=\"wp-block-media-text__content\">\n<h4 class=\"wp-block-heading\">Plage de la Nartelle, Sainte-Maxime<\/h4>\n\n\n\n<p class=\"wp-block-paragraph\">Sable dor\u00e9, ambiance anim\u00e9e, clubs de plage et activit\u00e9s nautiques\u2026 La Nartelle coche toutes les cases pour une journ\u00e9e active et joyeuse en bord de mer. Un must pour les familles et les groupes d\u2019amis.<\/p>\n<\/div><figure class=\"wp-block-media-text__media\"><img data-dominant-color=\"939d97\" data-has-transparency=\"false\" style=\"--dominant-color: #939d97;\" loading=\"lazy\" decoding=\"async\" width=\"1024\" height=\"1024\" src=\"https:\/\/www.weekend-provence.fr\/app\/uploads\/2025\/08\/5-1024x1024.webp\" alt=\"\" class=\"wp-image-1651 size-full not-transparent\" srcset=\"https:\/\/www.weekend-provence.fr\/app\/uploads\/2025\/08\/5-1024x1024.webp 1024w, https:\/\/www.weekend-provence.fr\/app\/uploads\/2025\/08\/5-300x300.webp 300w, https:\/\/www.weekend-provence.fr\/app\/uploads\/2025\/08\/5-768x768.webp 768w, https:\/\/www.weekend-provence.fr\/app\/uploads\/2025\/08\/5.webp 1200w\" sizes=\"auto, (max-width: 1024px) 100vw, 1024px\" \/><\/figure><\/div>\n<\/div>\n\n\n\n<div class=\"wp-block-group is-layout-constrained wp-block-group-is-layout-constrained\">\n<div class=\"wp-block-media-text is-stacked-on-mobile\" style=\"grid-template-columns:23% auto\"><figure class=\"wp-block-media-text__media\"><img data-dominant-color=\"96aab8\" data-has-transparency=\"false\" style=\"--dominant-color: #96aab8;\" loading=\"lazy\" decoding=\"async\" width=\"1024\" height=\"1024\" src=\"https:\/\/www.weekend-provence.fr\/app\/uploads\/2025\/08\/3-1024x1024.webp\" alt=\"\" class=\"wp-image-1653 size-full not-transparent\" srcset=\"https:\/\/www.weekend-provence.fr\/app\/uploads\/2025\/08\/3-1024x1024.webp 1024w, https:\/\/www.weekend-provence.fr\/app\/uploads\/2025\/08\/3-300x300.webp 300w, https:\/\/www.weekend-provence.fr\/app\/uploads\/2025\/08\/3-768x768.webp 768w, https:\/\/www.weekend-provence.fr\/app\/uploads\/2025\/08\/3.webp 1200w\" sizes=\"auto, (max-width: 1024px) 100vw, 1024px\" \/><\/figure><div class=\"wp-block-media-text__content\">\n<h4 class=\"wp-block-heading\">Plage de Pardigon, Cavalaire<\/h4>\n\n\n\n<p class=\"wp-block-paragraph\">Facile d\u2019acc\u00e8s, bord\u00e9e de pins et berc\u00e9e par le chant des cigales, cette grande plage de sable fin allie le charme d\u2019un site naturel prot\u00e9g\u00e9 au confort de ses am\u00e9nagements. Une escale pris\u00e9e pour des journ\u00e9es familiales rythm\u00e9es par baignades tranquilles et siestes \u00e0 l\u2019ombre des pins.<\/p>\n<\/div><\/div>\n<\/div>\n\n\n\n<div class=\"wp-block-buttons is-content-justification-center is-layout-flex wp-container-core-buttons-is-layout-9b3e53d3 wp-block-buttons-is-layout-flex\">\n<div class=\"wp-block-button\"><a class=\"wp-block-button__link has-text-align-center wp-element-button\" href=\"https:\/\/www.golfe-saint-tropez-information.com\/fr\/webzine\/notre-top-5-des-plus-belles-plages-du-golfe-de-saint-tropez\" target=\"_blank\" rel=\"noreferrer noopener\">d\u00e9couvrir<\/a><\/div>\n<\/div>\n\n\n\n<div class=\"wp-block-group is-layout-constrained wp-block-group-is-layout-constrained\">\n<h2 class=\"wp-block-heading\">Provence Verte &amp; Verdon<\/h2>\n<\/div>\n\n\n\n<div class=\"wp-block-group is-layout-constrained wp-block-group-is-layout-constrained\">\n<div class=\"wp-block-media-text is-stacked-on-mobile\" style=\"grid-template-columns:24% auto\"><figure class=\"wp-block-media-text__media\"><img data-dominant-color=\"484e38\" data-has-transparency=\"false\" style=\"--dominant-color: #484e38;\" loading=\"lazy\" decoding=\"async\" width=\"1024\" height=\"1024\" src=\"https:\/\/www.weekend-provence.fr\/app\/uploads\/2025\/08\/10-1024x1024.webp\" alt=\"\" class=\"wp-image-1655 size-full not-transparent\" srcset=\"https:\/\/www.weekend-provence.fr\/app\/uploads\/2025\/08\/10-1024x1024.webp 1024w, https:\/\/www.weekend-provence.fr\/app\/uploads\/2025\/08\/10-300x300.webp 300w, https:\/\/www.weekend-provence.fr\/app\/uploads\/2025\/08\/10-768x768.webp 768w, https:\/\/www.weekend-provence.fr\/app\/uploads\/2025\/08\/10.webp 1200w\" sizes=\"auto, (max-width: 1024px) 100vw, 1024px\" \/><\/figure><div class=\"wp-block-media-text__content\">\n<h4 class=\"wp-block-heading\">Vallon Sourn<\/h4>\n\n\n\n<p class=\"wp-block-paragraph\">Cette rivi\u00e8re bord\u00e9e de falaises calcaires est un petit paradis pour la baignade en eau douce, au c\u0153ur d\u2019une nature brute et pr\u00e9serv\u00e9e. L\u2019eau est cristalline, les berges ombrag\u00e9es et l\u2019exp\u00e9rience totalement d\u00e9connectante.<\/p>\n\n\n\n<div class=\"wp-block-buttons is-content-justification-center is-layout-flex wp-container-core-buttons-is-layout-9b3e53d3 wp-block-buttons-is-layout-flex\">\n<div class=\"wp-block-button\"><a class=\"wp-block-button__link wp-element-button\" href=\"https:\/\/www.la-provence-verte.net\/activites\/baignade-correns-vallon-sourn-cote-correns_581.html\" target=\"_blank\" rel=\"noreferrer noopener\">d\u00e9couvrir<\/a><\/div>\n<\/div>\n<\/div><\/div>\n<\/div>\n\n\n\n<div class=\"wp-block-group is-layout-constrained wp-block-group-is-layout-constrained\">\n<div class=\"wp-block-media-text has-media-on-the-right is-stacked-on-mobile\" style=\"grid-template-columns:auto 24%\"><div class=\"wp-block-media-text__content\">\n<h4 class=\"wp-block-heading\">Gorges du Caramy<\/h4>\n\n\n\n<p class=\"wp-block-paragraph\">Lieu id\u00e9al pour une balade aquatique, les gorges du Caramy r\u00e9v\u00e8lent des vasques naturelles et des coins de baignade \u00e0 explorer. Parfait pour les amateurs de nature et de marche les pieds dans l\u2019eau.<\/p>\n\n\n\n<div class=\"wp-block-buttons is-content-justification-center is-layout-flex wp-container-core-buttons-is-layout-9b3e53d3 wp-block-buttons-is-layout-flex\">\n<div class=\"wp-block-button\"><a class=\"wp-block-button__link wp-element-button\" href=\"https:\/\/www.la-provence-verte.net\/activites\/baignade-tourves-gorges-du-caramy-cote-tourves_600.html\" target=\"_blank\" rel=\"noreferrer noopener\">D\u00e9couvrir<\/a><\/div>\n<\/div>\n<\/div><figure class=\"wp-block-media-text__media\"><img data-dominant-color=\"6a715e\" data-has-transparency=\"false\" style=\"--dominant-color: #6a715e;\" loading=\"lazy\" decoding=\"async\" width=\"1024\" height=\"1024\" src=\"https:\/\/www.weekend-provence.fr\/app\/uploads\/2025\/08\/9-1024x1024.webp\" alt=\"\" class=\"wp-image-1657 size-full not-transparent\" srcset=\"https:\/\/www.weekend-provence.fr\/app\/uploads\/2025\/08\/9-1024x1024.webp 1024w, https:\/\/www.weekend-provence.fr\/app\/uploads\/2025\/08\/9-300x300.webp 300w, https:\/\/www.weekend-provence.fr\/app\/uploads\/2025\/08\/9-768x768.webp 768w, https:\/\/www.weekend-provence.fr\/app\/uploads\/2025\/08\/9.webp 1200w\" sizes=\"auto, (max-width: 1024px) 100vw, 1024px\" \/><\/figure><\/div>\n<\/div>\n\n\n\n<div class=\"wp-block-group is-layout-constrained wp-block-group-is-layout-constrained\">\n<div class=\"wp-block-media-text is-stacked-on-mobile\" style=\"grid-template-columns:25% auto\"><figure class=\"wp-block-media-text__media\"><img data-dominant-color=\"7d9c90\" data-has-transparency=\"false\" style=\"--dominant-color: #7d9c90;\" loading=\"lazy\" decoding=\"async\" width=\"1024\" height=\"1024\" src=\"https:\/\/www.weekend-provence.fr\/app\/uploads\/2025\/08\/7-1024x1024.webp\" alt=\"\" class=\"wp-image-1659 size-full not-transparent\" srcset=\"https:\/\/www.weekend-provence.fr\/app\/uploads\/2025\/08\/7-1024x1024.webp 1024w, https:\/\/www.weekend-provence.fr\/app\/uploads\/2025\/08\/7-300x300.webp 300w, https:\/\/www.weekend-provence.fr\/app\/uploads\/2025\/08\/7-768x768.webp 768w, https:\/\/www.weekend-provence.fr\/app\/uploads\/2025\/08\/7.webp 1200w\" sizes=\"auto, (max-width: 1024px) 100vw, 1024px\" \/><\/figure><div class=\"wp-block-media-text__content\">\n<h4 class=\"wp-block-heading\">Lac d\u2019Esparron (plage de Saint-Julien)<\/h4>\n\n\n\n<p class=\"wp-block-paragraph\">Ce lac turquoise bord\u00e9 de collines offre une plage am\u00e9nag\u00e9e tr\u00e8s agr\u00e9able, o\u00f9 il fait bon se baigner, pique-niquer ou louer un paddle. Ambiance familiale et d\u00e9contract\u00e9e garantie.<\/p>\n\n\n\n<div class=\"wp-block-buttons is-content-justification-center is-layout-flex wp-container-core-buttons-is-layout-9b3e53d3 wp-block-buttons-is-layout-flex\">\n<div class=\"wp-block-button\"><a class=\"wp-block-button__link wp-element-button\" href=\"https:\/\/www.la-provence-verte.net\/activites\/baignade-saint-julien-le-montagnier-lac-d-esparron-saint-julien-plage_2161.html\" target=\"_blank\" rel=\"noreferrer noopener\">d\u00e9couvrir<\/a><\/div>\n<\/div>\n<\/div><\/div>\n<\/div>\n\n\n\n<div class=\"wp-block-group is-layout-constrained wp-block-group-is-layout-constrained\">\n<div class=\"wp-block-media-text has-media-on-the-right is-stacked-on-mobile\" style=\"grid-template-columns:auto 26%\"><div class=\"wp-block-media-text__content\">\n<h4 class=\"wp-block-heading\">Lac de Quinson (c\u00f4t\u00e9 Montmeyan)<\/h4>\n\n\n\n<p class=\"wp-block-paragraph\">Sur la rive Montmeyan, on trouve des spots sauvages parfaits pour se poser et plonger dans une eau limpide. Id\u00e9al pour combiner d\u00e9tente et exploration en cano\u00eb dans les basses gorges du Verdon.<\/p>\n\n\n\n<div class=\"wp-block-buttons is-content-justification-center is-layout-flex wp-container-core-buttons-is-layout-9b3e53d3 wp-block-buttons-is-layout-flex\">\n<div class=\"wp-block-button\"><a class=\"wp-block-button__link wp-element-button\" href=\"https:\/\/www.la-provence-verte.net\/activites\/baignade-montmeyan-lac-de-quinson-montmeyan-plage_1155.html\" target=\"_blank\" rel=\"noreferrer noopener\">d\u00e9couvrir<\/a><\/div>\n<\/div>\n<\/div><figure class=\"wp-block-media-text__media\"><img data-dominant-color=\"496061\" data-has-transparency=\"false\" style=\"--dominant-color: #496061;\" loading=\"lazy\" decoding=\"async\" width=\"1024\" height=\"1024\" src=\"https:\/\/www.weekend-provence.fr\/app\/uploads\/2025\/08\/8-1024x1024.webp\" alt=\"\" class=\"wp-image-1661 size-full not-transparent\" srcset=\"https:\/\/www.weekend-provence.fr\/app\/uploads\/2025\/08\/8-1024x1024.webp 1024w, https:\/\/www.weekend-provence.fr\/app\/uploads\/2025\/08\/8-300x300.webp 300w, https:\/\/www.weekend-provence.fr\/app\/uploads\/2025\/08\/8-768x768.webp 768w, https:\/\/www.weekend-provence.fr\/app\/uploads\/2025\/08\/8.webp 1200w\" sizes=\"auto, (max-width: 1024px) 100vw, 1024px\" \/><\/figure><\/div>\n<\/div>\n\n\n\n<h2 class=\"wp-block-heading\">Est\u00e9rel C\u00f4te d&rsquo;Azur<\/h2>\n\n\n\n<div class=\"wp-block-group is-layout-constrained wp-block-group-is-layout-constrained\">\n<div class=\"wp-block-media-text is-stacked-on-mobile\" style=\"grid-template-columns:26% auto\"><figure class=\"wp-block-media-text__media\"><img data-dominant-color=\"7c9092\" data-has-transparency=\"false\" style=\"--dominant-color: #7c9092;\" loading=\"lazy\" decoding=\"async\" width=\"1024\" height=\"1024\" src=\"https:\/\/www.weekend-provence.fr\/app\/uploads\/2025\/08\/1-1-1024x1024.webp\" alt=\"\" class=\"wp-image-1663 size-full not-transparent\" srcset=\"https:\/\/www.weekend-provence.fr\/app\/uploads\/2025\/08\/1-1-1024x1024.webp 1024w, https:\/\/www.weekend-provence.fr\/app\/uploads\/2025\/08\/1-1-300x300.webp 300w, https:\/\/www.weekend-provence.fr\/app\/uploads\/2025\/08\/1-1-768x768.webp 768w, https:\/\/www.weekend-provence.fr\/app\/uploads\/2025\/08\/1-1.webp 1200w\" sizes=\"auto, (max-width: 1024px) 100vw, 1024px\" \/><\/figure><div class=\"wp-block-media-text__content\">\n<h4 class=\"wp-block-heading\">Plage de la Baumette, Agay<\/h4>\n\n\n\n<p class=\"wp-block-paragraph\">Nich\u00e9e au pied des roches rouges de l\u2019Est\u00e9rel, cette plage de sable offre un contraste saisissant entre les couleurs flamboyantes et la mer turquoise. Familiale, facile d\u2019acc\u00e8s et pleine de charme.<\/p>\n\n\n\n<div class=\"wp-block-buttons is-content-justification-center is-layout-flex wp-container-core-buttons-is-layout-9b3e53d3 wp-block-buttons-is-layout-flex\">\n<div class=\"wp-block-button\"><a class=\"wp-block-button__link wp-element-button\" href=\"https:\/\/www.esterel-cotedazur.com\/decouvrir\/plages\/plage-baumette-agay\/\" target=\"_blank\" rel=\"noreferrer noopener\">d\u00e9couvrir<\/a><\/div>\n<\/div>\n<\/div><\/div>\n<\/div>\n\n\n\n<div class=\"wp-block-group is-layout-constrained wp-block-group-is-layout-constrained\">\n<div class=\"wp-block-media-text has-media-on-the-right is-stacked-on-mobile\" style=\"grid-template-columns:auto 26%\"><div class=\"wp-block-media-text__content\">\n<h4 class=\"wp-block-heading\">Plage de la Pescade, Saint-Rapha\u00ebl<\/h4>\n\n\n\n<p class=\"wp-block-paragraph\">Petite plage discr\u00e8te, parfaite pour une baignade paisible loin des foules. On y acc\u00e8de par un petit sentier, et une fois arriv\u00e9, on profite d\u2019une eau claire et d\u2019un cadre intime.<\/p>\n\n\n\n<div class=\"wp-block-buttons is-content-justification-center is-layout-flex wp-container-core-buttons-is-layout-9b3e53d3 wp-block-buttons-is-layout-flex\">\n<div class=\"wp-block-button\"><a class=\"wp-block-button__link wp-element-button\" href=\"https:\/\/www.esterel-cotedazur.com\/decouvrir\/plages\/plage-pescade\/\" target=\"_blank\" rel=\"noreferrer noopener\">d\u00e9couvrir<\/a><\/div>\n<\/div>\n<\/div><figure class=\"wp-block-media-text__media\"><img data-dominant-color=\"497fa1\" data-has-transparency=\"false\" style=\"--dominant-color: #497fa1;\" loading=\"lazy\" decoding=\"async\" width=\"1024\" height=\"1024\" src=\"https:\/\/www.weekend-provence.fr\/app\/uploads\/2025\/08\/2-1-1024x1024.webp\" alt=\"\" class=\"wp-image-1665 size-full not-transparent\" srcset=\"https:\/\/www.weekend-provence.fr\/app\/uploads\/2025\/08\/2-1-1024x1024.webp 1024w, https:\/\/www.weekend-provence.fr\/app\/uploads\/2025\/08\/2-1-300x300.webp 300w, https:\/\/www.weekend-provence.fr\/app\/uploads\/2025\/08\/2-1-768x768.webp 768w, https:\/\/www.weekend-provence.fr\/app\/uploads\/2025\/08\/2-1.webp 1200w\" sizes=\"auto, (max-width: 1024px) 100vw, 1024px\" \/><\/figure><\/div>\n<\/div>\n\n\n\n<div class=\"wp-block-group is-layout-constrained wp-block-group-is-layout-constrained\">\n<div class=\"wp-block-media-text is-stacked-on-mobile\" style=\"grid-template-columns:26% auto\"><figure class=\"wp-block-media-text__media\"><img data-dominant-color=\"58888f\" data-has-transparency=\"false\" style=\"--dominant-color: #58888f;\" loading=\"lazy\" decoding=\"async\" width=\"1024\" height=\"1024\" src=\"https:\/\/www.weekend-provence.fr\/app\/uploads\/2025\/08\/3-1-1024x1024.webp\" alt=\"\" class=\"wp-image-1667 size-full not-transparent\" srcset=\"https:\/\/www.weekend-provence.fr\/app\/uploads\/2025\/08\/3-1-1024x1024.webp 1024w, https:\/\/www.weekend-provence.fr\/app\/uploads\/2025\/08\/3-1-300x300.webp 300w, https:\/\/www.weekend-provence.fr\/app\/uploads\/2025\/08\/3-1-768x768.webp 768w, https:\/\/www.weekend-provence.fr\/app\/uploads\/2025\/08\/3-1.webp 1200w\" sizes=\"auto, (max-width: 1024px) 100vw, 1024px\" \/><\/figure><div class=\"wp-block-media-text__content\">\n<h4 class=\"wp-block-heading\">Plage des Esclamandes, Saint-Aygulf<\/h4>\n\n\n\n<p class=\"wp-block-paragraph\">Grande plage de sable avec zones pour familles et kitesurfeurs. Id\u00e9ale pour tous les profils, avec de vastes espaces et des activit\u00e9s vari\u00e9es.<\/p>\n\n\n\n<div class=\"wp-block-buttons is-content-justification-center is-layout-flex wp-container-core-buttons-is-layout-9b3e53d3 wp-block-buttons-is-layout-flex\">\n<div class=\"wp-block-button\"><a class=\"wp-block-button__link wp-element-button\" href=\"https:\/\/www.esterel-cotedazur.com\/decouvrir\/plages\/plage-des-esclamandes\/\" target=\"_blank\" rel=\"noreferrer noopener\">d\u00e9couvrir<\/a><\/div>\n<\/div>\n<\/div><\/div>\n<\/div>\n\n\n\n<div class=\"wp-block-group is-layout-constrained wp-block-group-is-layout-constrained\">\n<div class=\"wp-block-media-text has-media-on-the-right is-stacked-on-mobile\" style=\"grid-template-columns:auto 26%\"><div class=\"wp-block-media-text__content\">\n<h4 class=\"wp-block-heading\">Calanque des Anglais, Agay<\/h4>\n\n\n\n<p class=\"wp-block-paragraph\">Accessible \u00e0 pied ou en bateau, cette calanque est un joyau pour les amoureux de nature et de snorkeling. Falaises rouges, eaux cristallines et z\u00e9nitude garantie.<\/p>\n\n\n\n<div class=\"wp-block-buttons is-content-justification-center is-layout-flex wp-container-core-buttons-is-layout-9b3e53d3 wp-block-buttons-is-layout-flex\">\n<div class=\"wp-block-button\"><a class=\"wp-block-button__link wp-element-button\" href=\"https:\/\/www.esterel-cotedazur.com\/decouvrir\/plages\/calanque-des-anglais\/\" target=\"_blank\" rel=\"noreferrer noopener\">d\u00e9couvrir<\/a><\/div>\n<\/div>\n<\/div><figure class=\"wp-block-media-text__media\"><img data-dominant-color=\"6c8983\" data-has-transparency=\"false\" style=\"--dominant-color: #6c8983;\" loading=\"lazy\" decoding=\"async\" width=\"1024\" height=\"1024\" src=\"https:\/\/www.weekend-provence.fr\/app\/uploads\/2025\/08\/5-1-1024x1024.webp\" alt=\"\" class=\"wp-image-1669 size-full not-transparent\" srcset=\"https:\/\/www.weekend-provence.fr\/app\/uploads\/2025\/08\/5-1-1024x1024.webp 1024w, https:\/\/www.weekend-provence.fr\/app\/uploads\/2025\/08\/5-1-300x300.webp 300w, https:\/\/www.weekend-provence.fr\/app\/uploads\/2025\/08\/5-1-768x768.webp 768w, https:\/\/www.weekend-provence.fr\/app\/uploads\/2025\/08\/5-1.webp 1200w\" sizes=\"auto, (max-width: 1024px) 100vw, 1024px\" \/><\/figure><\/div>\n<\/div>\n\n\n\n<div class=\"wp-block-group is-layout-constrained wp-block-group-is-layout-constrained\">\n<div class=\"wp-block-media-text is-stacked-on-mobile\" style=\"grid-template-columns:26% auto\"><figure class=\"wp-block-media-text__media\"><img data-dominant-color=\"6f8ca0\" data-has-transparency=\"false\" style=\"--dominant-color: #6f8ca0;\" loading=\"lazy\" decoding=\"async\" width=\"1024\" height=\"1024\" src=\"https:\/\/www.weekend-provence.fr\/app\/uploads\/2025\/08\/4-1-1024x1024.webp\" alt=\"\" class=\"wp-image-1671 size-full not-transparent\" srcset=\"https:\/\/www.weekend-provence.fr\/app\/uploads\/2025\/08\/4-1-1024x1024.webp 1024w, https:\/\/www.weekend-provence.fr\/app\/uploads\/2025\/08\/4-1-300x300.webp 300w, https:\/\/www.weekend-provence.fr\/app\/uploads\/2025\/08\/4-1-768x768.webp 768w, https:\/\/www.weekend-provence.fr\/app\/uploads\/2025\/08\/4-1.webp 1200w\" sizes=\"auto, (max-width: 1024px) 100vw, 1024px\" \/><\/figure><div class=\"wp-block-media-text__content\">\n<h4 class=\"wp-block-heading\">Plage du D\u00e9barquement, Saint-Rapha\u00ebl<\/h4>\n\n\n\n<p class=\"wp-block-paragraph\">Lieu historique du d\u00e9barquement de Provence, cette plage alterne galets et sable, avec une vue imprenable sur les reliefs de l&rsquo;Est\u00e9rel. Une baignade entre histoire et beaut\u00e9 naturelle.<\/p>\n\n\n\n<div class=\"wp-block-buttons is-layout-flex wp-block-buttons-is-layout-flex\">\n<div class=\"wp-block-button\"><a class=\"wp-block-button__link wp-element-button\" href=\"https:\/\/www.esterel-cotedazur.com\/decouvrir\/plages\/plage-du-debarquement\/\" target=\"_blank\" rel=\"noreferrer noopener\">d\u00e9couvrir<\/a><\/div>\n<\/div>\n<\/div><\/div>\n\n\n\n<p class=\"has-text-align-center wp-block-paragraph\">D\u00e9couvrez toutes les plages, criques et calanques en Est\u00e9rel C\u00f4te d&rsquo;Azur<\/p>\n\n\n\n<div class=\"wp-block-buttons is-content-justification-center is-layout-flex wp-container-core-buttons-is-layout-9b3e53d3 wp-block-buttons-is-layout-flex\">\n<div class=\"wp-block-button\"><a class=\"wp-block-button__link wp-element-button\" href=\"https:\/\/www.esterel-cotedazur.com\/decouvrir\/plages\/\" target=\"_blank\" rel=\"noreferrer noopener\">En savoir plus<\/a><\/div>\n<\/div>\n<\/div>\n\n\n\n<div class=\"wp-block-group alignwide is-layout-constrained wp-block-group-is-layout-constrained\">\n<h2 class=\"wp-block-heading alignfull\">A lire aussi<\/h2>\n\n\n<div class=\"relative wp-block-fmz-slider alignfull\">\n<div class=\"wp-block-query alignfull is-layout-flow wp-block-query-is-layout-flow fmz-slider-1863999496093076 swiper\"><ul class=\"swiper-wrapper\"><li class=\"wp-block-post post-2332 post type-post status-publish format-standard has-post-thumbnail hentry category-destination category-sejours category-week-end swiper-slide\">\n\n<div class=\"wp-block-cover has-custom-content-position is-position-bottom-left\" style=\"border-radius:16px\"><span aria-hidden=\"true\" class=\"wp-block-cover__background has-background-dim has-background-gradient has-bg-gradient-to-black-bottom-gradient-background\"><\/span><img loading=\"lazy\" decoding=\"async\" width=\"1200\" height=\"1200\" src=\"https:\/\/www.weekend-provence.fr\/app\/uploads\/2026\/04\/Design-sans-titre-19-png.webp\" class=\"wp-block-cover__image-background not-transparent wp-post-image\" alt=\"\" data-object-fit=\"cover\" srcset=\"https:\/\/www.weekend-provence.fr\/app\/uploads\/2026\/04\/Design-sans-titre-19-png.webp 1200w, https:\/\/www.weekend-provence.fr\/app\/uploads\/2026\/04\/Design-sans-titre-19-300x300-2.png 300w, https:\/\/www.weekend-provence.fr\/app\/uploads\/2026\/04\/Design-sans-titre-19-768x768-1.png 768w, https:\/\/www.weekend-provence.fr\/app\/uploads\/2026\/04\/Design-sans-titre-19-1024x1024-1.png 1024w\" sizes=\"auto, (max-width: 1200px) 100vw, 1200px\" data-has-transparency=\"false\" data-dominant-color=\"687986\" style=\"--dominant-color: #687986;\" \/><div class=\"wp-block-cover__inner-container is-layout-constrained wp-block-cover-is-layout-constrained\"><h2 class=\"wp-block-post-title\"><a href=\"https:\/\/www.weekend-provence.fr\/fr\/le-guide-ultime-du-slow-tourisme-en-provence\" target=\"_self\" >Le guide ultime du slow tourisme en Provence<\/a><\/h2>\n\n<div class=\"wp-block-post-date\"><time datetime=\"2026-04-16T07:28:16+00:00\">16 avril 2026<\/time><\/div><\/div><\/div>\n\n<\/li><li class=\"wp-block-post post-2258 post type-post status-publish format-standard has-post-thumbnail hentry category-destination swiper-slide\">\n\n<div class=\"wp-block-cover has-custom-content-position is-position-bottom-left\" style=\"border-radius:16px\"><span aria-hidden=\"true\" class=\"wp-block-cover__background has-background-dim has-background-gradient has-bg-gradient-to-black-bottom-gradient-background\"><\/span><img loading=\"lazy\" decoding=\"async\" width=\"1200\" height=\"1200\" src=\"https:\/\/www.weekend-provence.fr\/app\/uploads\/2026\/03\/1-1.webp\" class=\"wp-block-cover__image-background not-transparent wp-post-image\" alt=\"\" data-object-fit=\"cover\" srcset=\"https:\/\/www.weekend-provence.fr\/app\/uploads\/2026\/03\/1-1.webp 1200w, https:\/\/www.weekend-provence.fr\/app\/uploads\/2026\/03\/1-1-300x300.webp 300w, https:\/\/www.weekend-provence.fr\/app\/uploads\/2026\/03\/1-1-1024x1024.webp 1024w, https:\/\/www.weekend-provence.fr\/app\/uploads\/2026\/03\/1-1-768x768.webp 768w\" sizes=\"auto, (max-width: 1200px) 100vw, 1200px\" data-has-transparency=\"false\" data-dominant-color=\"8d8879\" style=\"--dominant-color: #8d8879;\" \/><div class=\"wp-block-cover__inner-container is-layout-constrained wp-block-cover-is-layout-constrained\"><h2 class=\"wp-block-post-title\"><a href=\"https:\/\/www.weekend-provence.fr\/fr\/ou-admirer-les-premieres-fleurs-de-printemps-en-provence\" target=\"_self\" >O\u00f9 admirer les premi\u00e8res fleurs de printemps en Provence ?<\/a><\/h2>\n\n<div class=\"wp-block-post-date\"><time datetime=\"2026-03-03T10:31:28+00:00\">3 mars 2026<\/time><\/div><\/div><\/div>\n\n<\/li><li class=\"wp-block-post post-2182 post type-post status-publish format-standard has-post-thumbnail hentry category-en-couple category-sejours swiper-slide\">\n\n<div class=\"wp-block-cover has-custom-content-position is-position-bottom-left\" style=\"border-radius:16px\"><span aria-hidden=\"true\" class=\"wp-block-cover__background has-background-dim has-background-gradient has-bg-gradient-to-black-bottom-gradient-background\"><\/span><img loading=\"lazy\" decoding=\"async\" width=\"1920\" height=\"1080\" src=\"https:\/\/www.weekend-provence.fr\/app\/uploads\/2024\/06\/Romantique-1.webp\" class=\"wp-block-cover__image-background not-transparent wp-post-image\" alt=\"\" data-object-fit=\"cover\" srcset=\"https:\/\/www.weekend-provence.fr\/app\/uploads\/2024\/06\/Romantique-1.webp 1920w, https:\/\/www.weekend-provence.fr\/app\/uploads\/2024\/06\/Romantique-1-300x169.webp 300w, https:\/\/www.weekend-provence.fr\/app\/uploads\/2024\/06\/Romantique-1-1024x576.webp 1024w, https:\/\/www.weekend-provence.fr\/app\/uploads\/2024\/06\/Romantique-1-768x432.webp 768w, https:\/\/www.weekend-provence.fr\/app\/uploads\/2024\/06\/Romantique-1-1536x864.webp 1536w\" sizes=\"auto, (max-width: 1920px) 100vw, 1920px\" data-has-transparency=\"false\" data-dominant-color=\"9e704d\" style=\"--dominant-color: #9e704d;\" \/><div class=\"wp-block-cover__inner-container is-layout-constrained wp-block-cover-is-layout-constrained\"><h2 class=\"wp-block-post-title\"><a href=\"https:\/\/www.weekend-provence.fr\/fr\/special-saint-valentin-les-lieux-les-plus-romantiques\" target=\"_self\" >Sp\u00e9cial Saint-Valentin : les lieux les plus romantiques<\/a><\/h2>\n\n<div class=\"wp-block-post-date\"><time datetime=\"2026-01-26T10:30:18+00:00\">26 janvier 2026<\/time><\/div><\/div><\/div>\n\n<\/li><li class=\"wp-block-post post-2136 post type-post status-publish format-standard has-post-thumbnail hentry category-destination swiper-slide\">\n\n<div class=\"wp-block-cover has-custom-content-position is-position-bottom-left\" style=\"border-radius:16px\"><span aria-hidden=\"true\" class=\"wp-block-cover__background has-background-dim has-background-gradient has-bg-gradient-to-black-bottom-gradient-background\"><\/span><img loading=\"lazy\" decoding=\"async\" width=\"2560\" height=\"1705\" src=\"https:\/\/www.weekend-provence.fr\/app\/uploads\/2026\/01\/DJI_0360-scaled.webp\" class=\"wp-block-cover__image-background not-transparent wp-post-image\" alt=\"\" data-object-fit=\"cover\" srcset=\"https:\/\/www.weekend-provence.fr\/app\/uploads\/2026\/01\/DJI_0360-scaled.webp 2560w, https:\/\/www.weekend-provence.fr\/app\/uploads\/2026\/01\/DJI_0360-300x200.webp 300w, https:\/\/www.weekend-provence.fr\/app\/uploads\/2026\/01\/DJI_0360-1024x682.webp 1024w, https:\/\/www.weekend-provence.fr\/app\/uploads\/2026\/01\/DJI_0360-768x512.webp 768w, https:\/\/www.weekend-provence.fr\/app\/uploads\/2026\/01\/DJI_0360-1536x1023.webp 1536w, https:\/\/www.weekend-provence.fr\/app\/uploads\/2026\/01\/DJI_0360-2048x1364.webp 2048w\" sizes=\"auto, (max-width: 2560px) 100vw, 2560px\" data-has-transparency=\"false\" data-dominant-color=\"688f9e\" style=\"--dominant-color: #688f9e;\" \/><div class=\"wp-block-cover__inner-container is-layout-constrained wp-block-cover-is-layout-constrained\"><h2 class=\"wp-block-post-title\"><a href=\"https:\/\/www.weekend-provence.fr\/fr\/les-meilleures-randonnees-a-decouvrir-en-hiver\" target=\"_self\" >Les meilleures randonn\u00e9es \u00e0 d\u00e9couvrir en hiver<\/a><\/h2>\n\n<div class=\"wp-block-post-date\"><time datetime=\"2026-01-06T09:15:52+00:00\">6 janvier 2026<\/time><\/div><\/div><\/div>\n\n<\/li><li class=\"wp-block-post post-2047 post type-post status-publish format-standard has-post-thumbnail hentry category-saison category-sejours category-week-end swiper-slide\">\n\n<div class=\"wp-block-cover has-custom-content-position is-position-bottom-left\" style=\"border-radius:16px\"><span aria-hidden=\"true\" class=\"wp-block-cover__background has-background-dim has-background-gradient has-bg-gradient-to-black-bottom-gradient-background\"><\/span><img loading=\"lazy\" decoding=\"async\" width=\"2560\" height=\"1707\" src=\"https:\/\/www.weekend-provence.fr\/app\/uploads\/2025\/11\/pexels-george-dolgikh-551816-1303088-scaled-e1764059149887.webp\" class=\"wp-block-cover__image-background not-transparent wp-post-image\" alt=\"\" data-object-fit=\"cover\" data-has-transparency=\"false\" data-dominant-color=\"714c36\" style=\"--dominant-color: #714c36;\" \/><div class=\"wp-block-cover__inner-container is-layout-constrained wp-block-cover-is-layout-constrained\"><h2 class=\"wp-block-post-title\"><a href=\"https:\/\/www.weekend-provence.fr\/fr\/bons-cadeaux-a-offrir-a-noel\" target=\"_self\" >Bons cadeaux \u00e0 offrir \u00e0 No\u00ebl<\/a><\/h2>\n\n<div class=\"wp-block-post-date\"><time datetime=\"2025-11-25T08:45:56+00:00\">25 novembre 2025<\/time><\/div><\/div><\/div>\n\n<\/li><li class=\"wp-block-post post-1836 post type-post status-publish format-standard has-post-thumbnail hentry category-entre-amis category-saison category-sejours category-tous-les-articles swiper-slide\">\n\n<div class=\"wp-block-cover has-custom-content-position is-position-bottom-left\" style=\"border-radius:16px\"><span aria-hidden=\"true\" class=\"wp-block-cover__background has-background-dim has-background-gradient has-bg-gradient-to-black-bottom-gradient-background\"><\/span><img loading=\"lazy\" decoding=\"async\" width=\"2560\" height=\"1707\" src=\"https:\/\/www.weekend-provence.fr\/app\/uploads\/2025\/10\/alex-bertha-Jyg7xHRmXiU-unsplash-scaled.webp\" class=\"wp-block-cover__image-background not-transparent wp-post-image\" alt=\"\" data-object-fit=\"cover\" srcset=\"https:\/\/www.weekend-provence.fr\/app\/uploads\/2025\/10\/alex-bertha-Jyg7xHRmXiU-unsplash-scaled.webp 2560w, https:\/\/www.weekend-provence.fr\/app\/uploads\/2025\/10\/alex-bertha-Jyg7xHRmXiU-unsplash-300x200.webp 300w, https:\/\/www.weekend-provence.fr\/app\/uploads\/2025\/10\/alex-bertha-Jyg7xHRmXiU-unsplash-1024x683.webp 1024w, https:\/\/www.weekend-provence.fr\/app\/uploads\/2025\/10\/alex-bertha-Jyg7xHRmXiU-unsplash-768x512.webp 768w, https:\/\/www.weekend-provence.fr\/app\/uploads\/2025\/10\/alex-bertha-Jyg7xHRmXiU-unsplash-1536x1024.webp 1536w, https:\/\/www.weekend-provence.fr\/app\/uploads\/2025\/10\/alex-bertha-Jyg7xHRmXiU-unsplash-2048x1365.webp 2048w\" sizes=\"auto, (max-width: 2560px) 100vw, 2560px\" data-has-transparency=\"false\" data-dominant-color=\"a6c2cd\" style=\"--dominant-color: #a6c2cd;\" \/><div class=\"wp-block-cover__inner-container is-layout-constrained wp-block-cover-is-layout-constrained\"><h2 class=\"wp-block-post-title\"><a href=\"https:\/\/www.weekend-provence.fr\/fr\/sejours-bien-etre-profitez-de-lautomne-en-provence-pour-vous-ressourcer\" target=\"_self\" >S\u00e9jours bien-\u00eatre : profitez de l\u2019automne en Provence pour vous ressourcer<\/a><\/h2>\n\n<div class=\"wp-block-post-date\"><time datetime=\"2025-10-22T07:02:59+00:00\">22 octobre 2025<\/time><\/div><\/div><\/div>\n\n<\/li><li class=\"wp-block-post post-1781 post type-post status-publish format-standard has-post-thumbnail hentry category-destination category-entre-amis category-saison category-sejours category-tous-les-articles swiper-slide\">\n\n<div class=\"wp-block-cover has-custom-content-position is-position-bottom-left\" style=\"border-radius:16px\"><span aria-hidden=\"true\" class=\"wp-block-cover__background has-background-dim has-background-gradient has-bg-gradient-to-black-bottom-gradient-background\"><\/span><img loading=\"lazy\" decoding=\"async\" width=\"1120\" height=\"1067\" src=\"https:\/\/www.weekend-provence.fr\/app\/uploads\/2025\/10\/les-voiles-de-saint-tropez_7217773_6-e1759478350559.webp\" class=\"wp-block-cover__image-background not-transparent wp-post-image\" alt=\"\" data-object-fit=\"cover\" srcset=\"https:\/\/www.weekend-provence.fr\/app\/uploads\/2025\/10\/les-voiles-de-saint-tropez_7217773_6-e1759478350559.webp 1120w, https:\/\/www.weekend-provence.fr\/app\/uploads\/2025\/10\/les-voiles-de-saint-tropez_7217773_6-e1759478350559-300x286.webp 300w, https:\/\/www.weekend-provence.fr\/app\/uploads\/2025\/10\/les-voiles-de-saint-tropez_7217773_6-e1759478350559-1024x976.webp 1024w, https:\/\/www.weekend-provence.fr\/app\/uploads\/2025\/10\/les-voiles-de-saint-tropez_7217773_6-e1759478350559-768x732.webp 768w\" sizes=\"auto, (max-width: 1120px) 100vw, 1120px\" data-has-transparency=\"false\" data-dominant-color=\"abaaaf\" style=\"--dominant-color: #abaaaf;\" \/><div class=\"wp-block-cover__inner-container is-layout-constrained wp-block-cover-is-layout-constrained\"><h2 class=\"wp-block-post-title\"><a href=\"https:\/\/www.weekend-provence.fr\/fr\/bien-preparer-votre-escapade-en-provence-les-incontournables-doctobre\" target=\"_self\" >Bien pr\u00e9parer votre escapade en Provence : les incontournables d\u2019octobre<\/a><\/h2>\n\n<div class=\"wp-block-post-date\"><time datetime=\"2025-10-03T08:31:48+00:00\">3 octobre 2025<\/time><\/div><\/div><\/div>\n\n<\/li><li class=\"wp-block-post post-1683 post type-post status-publish format-standard has-post-thumbnail hentry category-destination category-en-couple category-entre-amis category-saison category-tous-les-articles swiper-slide\">\n\n<div class=\"wp-block-cover has-custom-content-position is-position-bottom-left\" style=\"border-radius:16px\"><span aria-hidden=\"true\" class=\"wp-block-cover__background has-background-dim has-background-gradient has-bg-gradient-to-black-bottom-gradient-background\"><\/span><img loading=\"lazy\" decoding=\"async\" width=\"2560\" height=\"1922\" src=\"https:\/\/www.weekend-provence.fr\/app\/uploads\/2025\/09\/pexels-david-sotto-1346078053-28304430-scaled.webp\" class=\"wp-block-cover__image-background not-transparent wp-post-image\" alt=\"\" data-object-fit=\"cover\" srcset=\"https:\/\/www.weekend-provence.fr\/app\/uploads\/2025\/09\/pexels-david-sotto-1346078053-28304430-scaled.webp 2560w, https:\/\/www.weekend-provence.fr\/app\/uploads\/2025\/09\/pexels-david-sotto-1346078053-28304430-300x225.webp 300w, https:\/\/www.weekend-provence.fr\/app\/uploads\/2025\/09\/pexels-david-sotto-1346078053-28304430-1024x769.webp 1024w, https:\/\/www.weekend-provence.fr\/app\/uploads\/2025\/09\/pexels-david-sotto-1346078053-28304430-768x577.webp 768w, https:\/\/www.weekend-provence.fr\/app\/uploads\/2025\/09\/pexels-david-sotto-1346078053-28304430-1536x1153.webp 1536w, https:\/\/www.weekend-provence.fr\/app\/uploads\/2025\/09\/pexels-david-sotto-1346078053-28304430-2048x1538.webp 2048w\" sizes=\"auto, (max-width: 2560px) 100vw, 2560px\" data-has-transparency=\"false\" data-dominant-color=\"827c61\" style=\"--dominant-color: #827c61;\" \/><div class=\"wp-block-cover__inner-container is-layout-constrained wp-block-cover-is-layout-constrained\"><h2 class=\"wp-block-post-title\"><a href=\"https:\/\/www.weekend-provence.fr\/fr\/les-vendanges-en-provence-decouvrez-loenotourisme-en-septembre\" target=\"_self\" >Les vendanges en Provence : d\u00e9couvrez l\u2019\u0153notourisme en septembre<\/a><\/h2>\n\n<div class=\"wp-block-post-date\"><time datetime=\"2025-09-02T09:54:33+00:00\">2 septembre 2025<\/time><\/div><\/div><\/div>\n\n<\/li><li class=\"wp-block-post post-1568 post type-post status-publish format-standard has-post-thumbnail hentry category-destination category-entre-amis category-saison category-sejours category-tous-les-articles swiper-slide\">\n\n<div class=\"wp-block-cover has-custom-content-position is-position-bottom-left\" style=\"border-radius:16px\"><span aria-hidden=\"true\" class=\"wp-block-cover__background has-background-dim has-background-gradient has-bg-gradient-to-black-bottom-gradient-background\"><\/span><img loading=\"lazy\" decoding=\"async\" width=\"1454\" height=\"969\" src=\"https:\/\/www.weekend-provence.fr\/app\/uploads\/2025\/07\/unnamed.webp\" class=\"wp-block-cover__image-background not-transparent wp-post-image\" alt=\"\" data-object-fit=\"cover\" srcset=\"https:\/\/www.weekend-provence.fr\/app\/uploads\/2025\/07\/unnamed.webp 1454w, https:\/\/www.weekend-provence.fr\/app\/uploads\/2025\/07\/unnamed-300x200.webp 300w, https:\/\/www.weekend-provence.fr\/app\/uploads\/2025\/07\/unnamed-1024x682.webp 1024w, https:\/\/www.weekend-provence.fr\/app\/uploads\/2025\/07\/unnamed-768x512.webp 768w\" sizes=\"auto, (max-width: 1454px) 100vw, 1454px\" data-has-transparency=\"false\" data-dominant-color=\"7a6659\" style=\"--dominant-color: #7a6659;\" \/><div class=\"wp-block-cover__inner-container is-layout-constrained wp-block-cover-is-layout-constrained\"><h2 class=\"wp-block-post-title\"><a href=\"https:\/\/www.weekend-provence.fr\/fr\/les-festivals-dete-musique-arts-et-traditions-locales\" target=\"_self\" >Les festivals d\u2019\u00e9t\u00e9 : musique, arts et traditions locales<\/a><\/h2>\n\n<div class=\"wp-block-post-date\"><time datetime=\"2025-07-08T07:44:31+00:00\">8 juillet 2025<\/time><\/div><\/div><\/div>\n\n<\/li><li class=\"wp-block-post post-1488 post type-post status-publish format-standard has-post-thumbnail hentry category-tous-les-articles swiper-slide\">\n\n<div class=\"wp-block-cover has-custom-content-position is-position-bottom-left\" style=\"border-radius:16px\"><span aria-hidden=\"true\" class=\"wp-block-cover__background has-background-dim has-background-gradient has-bg-gradient-to-black-bottom-gradient-background\"><\/span><img loading=\"lazy\" decoding=\"async\" width=\"2560\" height=\"2560\" src=\"https:\/\/www.weekend-provence.fr\/app\/uploads\/2025\/06\/ECA7660-scaled.webp\" class=\"wp-block-cover__image-background not-transparent wp-post-image\" alt=\"\" data-object-fit=\"cover\" srcset=\"https:\/\/www.weekend-provence.fr\/app\/uploads\/2025\/06\/ECA7660-scaled.webp 2560w, https:\/\/www.weekend-provence.fr\/app\/uploads\/2025\/06\/ECA7660-300x300.webp 300w, https:\/\/www.weekend-provence.fr\/app\/uploads\/2025\/06\/ECA7660-1024x1024.webp 1024w, https:\/\/www.weekend-provence.fr\/app\/uploads\/2025\/06\/ECA7660-768x768.webp 768w, https:\/\/www.weekend-provence.fr\/app\/uploads\/2025\/06\/ECA7660-1536x1536.webp 1536w, https:\/\/www.weekend-provence.fr\/app\/uploads\/2025\/06\/ECA7660-2048x2048.webp 2048w, https:\/\/www.weekend-provence.fr\/app\/uploads\/2025\/06\/ECA7660-1280x1280.webp 1280w\" sizes=\"auto, (max-width: 2560px) 100vw, 2560px\" data-has-transparency=\"false\" data-dominant-color=\"868276\" style=\"--dominant-color: #868276;\" \/><div class=\"wp-block-cover__inner-container is-layout-constrained wp-block-cover-is-layout-constrained\"><h2 class=\"wp-block-post-title\"><a href=\"https:\/\/www.weekend-provence.fr\/fr\/les-hebergements-insolites-a-decouvrir-cet-ete\" target=\"_self\" >Les h\u00e9bergements insolites \u00e0 d\u00e9couvrir cet \u00e9t\u00e9<\/a><\/h2>\n\n<div class=\"wp-block-post-date\"><time datetime=\"2025-06-26T12:12:57+00:00\">26 juin 2025<\/time><\/div><\/div><\/div>\n\n<\/li><\/ul><\/div>\n<div class=\"swiper-prev-1863999496093076\"><div class=\"fa-4x h-full flex items-center absolute z-10 top-1\/2 -translate-x-1\/2 -translate-y-1\/2 left-0 right-auto cursor-pointer\">\n\t\t<span class=\"fa-layers fa-fw z-10\">\n\t\t\t<i class=\"fa-solid fa-circle text-white dark:text-black\"><\/i>\n\t\t\t<i class=\"fa-light fa-angle-left text-black dark:text-white\" data-fa-transform=\"shrink-6\"><\/i>\n\t\t<\/span>\n\t<\/div><\/div><div class=\"swiper-next-1863999496093076\"><div class=\"fa-4x h-full flex items-center absolute z-10 top-1\/2 translate-x-1\/2 -translate-y-1\/2 right-0 left-auto cursor-pointer\">\n\t\t<span class=\"fa-layers fa-fw z-10\">\n\t\t\t<i class=\"fa-solid fa-circle text-white dark:text-black\"><\/i>\n\t\t\t<i class=\"fa-light fa-angle-right text-black dark:text-white\" data-fa-transform=\"shrink-6\"><\/i>\n\t\t<\/span>\n\t<\/div><\/div><\/div><div class=\"fmz-slider-thumbs-container-1863999496093076 wp-block-fmz-slider alignfull\"><\/div>\n\t<script>\n\t\t\t\tnew Swiper('.fmz-slider-1863999496093076', {\n\t\t\t\n        \n        slidesPerView: 1,\n        spaceBetween: 20,\n        centeredSlides: false,\n        speed: 300,\n        loop: true,\n\t\t\t\tdirection: 'horizontal',\n\t\t\t\teffect: 'slide',\n        breakpoints:{ \n          576: { \n            slidesPerView: 2,\n            spaceBetween: 20,\n\t\t\t\t\t\tcenteredSlides: false,\n          }, \n          992: { \n            slidesPerView: 3,\n            spaceBetween: 20,\n\t\t\t\t\t\tcenteredSlides: false,\n          },\n          1200: {\n            slidesPerView: 3,\n            spaceBetween: 20,\n\t\t\t\t\t\tcenteredSlides: false,\n          },\n          1400: {\n            slidesPerView: 3,\n            spaceBetween: 20,\n\t\t\t\t\t\tcenteredSlides: false,\n          }\n        }\n      ,\n\t\t\t\t\t\t\tnavigation: { \n\t\t\t\t\tnextEl: '.swiper-next-1863999496093076', \n\t\t\t\t\tprevEl: '.swiper-prev-1863999496093076'\n\t\t\t\t},\n\t\t\t\t\t\t\t\t\ta11y: {\n\t\t\t\tenabled: true,\n\t\t\t\tprevSlideMessage: 'Previous slide',\n\t\t\t\tnextSlideMessage: 'Next slide',\n\t\t\t\tfirstSlideMessage: 'First slide',\n\t\t\t\tlastSlideMessage: 'Last slide',\n\t\t\t\tpaginationBulletMessage: 'Slide {{index}}',\n\t\t\t},\n\t\t\t\t\t\twatchSlidesProgress: true,\n\t\t\twatchOverflow: true\n\t\t} )\n\t<\/script>\n\t\n\t<\/div>\n","protected":false},"excerpt":{"rendered":"<p>Envie de fra\u00eecheur ? Voici notre s\u00e9lection des plus belles baignades \u00e0 vivre sur nos territoires : entre criques, plages et calanques, vous trouverez forc\u00e9ment votre coin de paradis. Golfe de Saint-Tropez Plage de Gigaro, La Croix-Valmer Avec son sable fin parfait pour les ch\u00e2teaux de sable et ses eaux claires, la plage de Gigaro&#8230;<\/p>\n","protected":false},"author":2,"featured_media":1674,"comment_status":"open","ping_status":"open","sticky":false,"template":"","format":"standard","meta":{"_acf_changed":false,"_crdt_document":"","footnotes":""},"categories":[27,25,23,1],"tags":[],"class_list":["post-1638","post","type-post","status-publish","format-standard","has-post-thumbnail","hentry","category-destination","category-en-couple","category-week-end","category-tous-les-articles"],"acf":[],"_links":{"self":[{"href":"https:\/\/www.weekend-provence.fr\/fr\/wp-json\/wp\/v2\/posts\/1638","targetHints":{"allow":["GET"]}}],"collection":[{"href":"https:\/\/www.weekend-provence.fr\/fr\/wp-json\/wp\/v2\/posts"}],"about":[{"href":"https:\/\/www.weekend-provence.fr\/fr\/wp-json\/wp\/v2\/types\/post"}],"author":[{"embeddable":true,"href":"https:\/\/www.weekend-provence.fr\/fr\/wp-json\/wp\/v2\/users\/2"}],"replies":[{"embeddable":true,"href":"https:\/\/www.weekend-provence.fr\/fr\/wp-json\/wp\/v2\/comments?post=1638"}],"version-history":[{"count":6,"href":"https:\/\/www.weekend-provence.fr\/fr\/wp-json\/wp\/v2\/posts\/1638\/revisions"}],"predecessor-version":[{"id":1930,"href":"https:\/\/www.weekend-provence.fr\/fr\/wp-json\/wp\/v2\/posts\/1638\/revisions\/1930"}],"wp:featuredmedia":[{"embeddable":true,"href":"https:\/\/www.weekend-provence.fr\/fr\/wp-json\/wp\/v2\/media\/1674"}],"wp:attachment":[{"href":"https:\/\/www.weekend-provence.fr\/fr\/wp-json\/wp\/v2\/media?parent=1638"}],"wp:term":[{"taxonomy":"category","embeddable":true,"href":"https:\/\/www.weekend-provence.fr\/fr\/wp-json\/wp\/v2\/categories?post=1638"},{"taxonomy":"post_tag","embeddable":true,"href":"https:\/\/www.weekend-provence.fr\/fr\/wp-json\/wp\/v2\/tags?post=1638"}],"curies":[{"name":"wp","href":"https:\/\/api.w.org\/{rel}","templated":true}]}}