{"id":1683,"date":"2025-09-02T09:54:33","date_gmt":"2025-09-02T09:54:33","guid":{"rendered":"https:\/\/www.weekend-provence.fr\/?p=1683"},"modified":"2025-11-20T10:54:21","modified_gmt":"2025-11-20T10:54:21","slug":"les-vendanges-en-provence-decouvrez-loenotourisme-en-septembre","status":"publish","type":"post","link":"https:\/\/www.weekend-provence.fr\/fr\/les-vendanges-en-provence-decouvrez-loenotourisme-en-septembre","title":{"rendered":"Les vendanges en Provence : d\u00e9couvrez l\u2019\u0153notourisme en septembre"},"content":{"rendered":"\n<div class=\"wp-block-group is-layout-constrained wp-block-group-is-layout-constrained\">\n<p class=\"has-text-align-center has-lg-font-size wp-block-paragraph\">Septembre en Provence rime avec vendanges, terroirs en effervescence et balades au c\u0153ur des vignes baign\u00e9es de soleil. C\u2019est la p\u00e9riode id\u00e9ale pour vivre une exp\u00e9rience unique : <strong>l\u2019\u0153notourisme<\/strong>. Entre d\u00e9couvertes viticoles, s\u00e9jours romantiques et activit\u00e9s insolites, trois destinations embl\u00e9matiques vous ouvrent leurs portes : le Golfe de Saint-Tropez, la Provence Verte &amp; Verdon et Est\u00e9rel C\u00f4te d\u2019Azur.<\/p>\n\n\n\n<div class=\"wp-block-cover alignwide is-light has-aspect-ratio\" style=\"border-radius:16px;aspect-ratio:16\/9;height:unset;min-height:unset;\"><span aria-hidden=\"true\" class=\"wp-block-cover__background has-background-dim-0 has-background-dim\"><\/span><img loading=\"lazy\" decoding=\"async\" width=\"2560\" height=\"1922\" src=\"https:\/\/www.weekend-provence.fr\/app\/uploads\/2025\/09\/pexels-david-sotto-1346078053-28304430-scaled.webp\" class=\"wp-block-cover__image-background not-transparent wp-post-image\" alt=\"\" data-object-fit=\"cover\" srcset=\"https:\/\/www.weekend-provence.fr\/app\/uploads\/2025\/09\/pexels-david-sotto-1346078053-28304430-scaled.webp 2560w, https:\/\/www.weekend-provence.fr\/app\/uploads\/2025\/09\/pexels-david-sotto-1346078053-28304430-300x225.webp 300w, https:\/\/www.weekend-provence.fr\/app\/uploads\/2025\/09\/pexels-david-sotto-1346078053-28304430-1024x769.webp 1024w, https:\/\/www.weekend-provence.fr\/app\/uploads\/2025\/09\/pexels-david-sotto-1346078053-28304430-768x577.webp 768w, https:\/\/www.weekend-provence.fr\/app\/uploads\/2025\/09\/pexels-david-sotto-1346078053-28304430-1536x1153.webp 1536w, https:\/\/www.weekend-provence.fr\/app\/uploads\/2025\/09\/pexels-david-sotto-1346078053-28304430-2048x1538.webp 2048w\" sizes=\"auto, (max-width: 2560px) 100vw, 2560px\" data-has-transparency=\"false\" data-dominant-color=\"827c61\" style=\"--dominant-color: #827c61;\" \/><div class=\"wp-block-cover__inner-container is-layout-constrained wp-block-cover-is-layout-constrained\">\n<p class=\"has-text-align-center has-large-font-size wp-block-paragraph\"><\/p>\n<\/div><\/div>\n<\/div>\n\n\n\n<div class=\"wp-block-group alignwide is-layout-constrained wp-block-group-is-layout-constrained\">\n<h2 class=\"wp-block-heading has-text-align-center\">Le charme des vignobles du <strong>Golfe de Saint-Tropez<\/strong><\/h2>\n\n\n\n<h3 class=\"wp-block-heading has-text-align-center\">Ici, les domaines viticoles \ud83c\udf47 se d\u00e9couvrent entre plages mythiques \ud83d\udd76\ufe0f et villages perch\u00e9s \ud83d\udc52.<\/h3>\n\n\n\n<div style=\"height:30px\" aria-hidden=\"true\" class=\"wp-block-spacer\"><\/div>\n<\/div>\n\n\n\n<div class=\"wp-block-media-text is-stacked-on-mobile\"><figure class=\"wp-block-media-text__media\"><img data-dominant-color=\"acb79c\" data-has-transparency=\"false\" style=\"--dominant-color: #acb79c;\" loading=\"lazy\" decoding=\"async\" width=\"1024\" height=\"1024\" src=\"https:\/\/www.weekend-provence.fr\/app\/uploads\/2025\/09\/1-1024x1024.webp\" alt=\"\" class=\"wp-image-1685 size-full not-transparent\" srcset=\"https:\/\/www.weekend-provence.fr\/app\/uploads\/2025\/09\/1-1024x1024.webp 1024w, https:\/\/www.weekend-provence.fr\/app\/uploads\/2025\/09\/1-300x300.webp 300w, https:\/\/www.weekend-provence.fr\/app\/uploads\/2025\/09\/1-768x768.webp 768w, https:\/\/www.weekend-provence.fr\/app\/uploads\/2025\/09\/1.webp 1200w\" sizes=\"auto, (max-width: 1024px) 100vw, 1024px\" \/><\/figure><div class=\"wp-block-media-text__content\">\n<div class=\"wp-block-group is-layout-constrained wp-block-group-is-layout-constrained\">\n<h3 class=\"wp-block-heading\" style=\"margin-top:var(--wp--preset--spacing--70);margin-bottom:var(--wp--preset--spacing--70)\">D\u00e9couvrir les domaines et caves<\/h3>\n\n\n\n<p class=\"wp-block-paragraph\">Retrouvez l\u2019ensemble des <strong>domaines et caves viticoles du Golfe de Saint-Tropez<\/strong> et partez \u00e0 la rencontre des vignerons passionn\u00e9s.<\/p>\n\n\n\n<div class=\"wp-block-buttons is-layout-flex wp-block-buttons-is-layout-flex\" style=\"margin-top:var(--wp--preset--spacing--70);margin-bottom:var(--wp--preset--spacing--70)\">\n<div class=\"wp-block-button\"><a class=\"wp-block-button__link wp-element-button\" href=\"https:\/\/www.golfe-saint-tropez-information.com\/fr\/les-domaines-caves-cooperatives-viticoles-a-visiter\" target=\"_blank\" rel=\"noreferrer noopener\">d\u00e9couvrir<\/a><\/div>\n<\/div>\n<\/div>\n<\/div><\/div>\n\n\n\n<div class=\"wp-block-media-text has-media-on-the-right is-stacked-on-mobile\"><div class=\"wp-block-media-text__content\">\n<div class=\"wp-block-group is-layout-constrained wp-block-group-is-layout-constrained\">\n<h3 class=\"wp-block-heading has-text-align-left\" style=\"margin-top:var(--wp--preset--spacing--70);margin-bottom:var(--wp--preset--spacing--70)\">Exp\u00e9riences \u0153nologiques \u00e0 vivre<\/h3>\n\n\n\n<ul class=\"wp-block-list\">\n<li><strong>1\/2 journ\u00e9e en mini van, circuit priv\u00e9 \u0153nologique<\/strong> : <a href=\"https:\/\/www.amusezvous.net\/fr\/loisirs\/1-2-journee-en-mini-van-circuit-prive-oenologique-pick-up-personnalise-296153?utm_source=chatgpt.com\">une immersion personnalis\u00e9e<\/a> pour d\u00e9couvrir les vignobles embl\u00e9matiques.<\/li>\n\n\n\n<li><strong>Exp\u00e9rience Ros\u00e9 au Ch\u00e2teau de Chausse<\/strong> : <a href=\"https:\/\/www.amusezvous.net\/fr\/loisirs\/1-2-journee-en-mini-van-circuit-prive-oenologique-pick-up-personnalise-296153\" target=\"_blank\" rel=\"noreferrer noopener\">initia<\/a><a href=\"https:\/\/www.amusezvous.net\/fr\/loisirs\/experience-rose-chateau-de-chausse-262381\" target=\"_blank\" rel=\"noreferrer noopener\">t<\/a><a href=\"https:\/\/www.amusezvous.net\/fr\/loisirs\/1-2-journee-en-mini-van-circuit-prive-oenologique-pick-up-personnalise-296153\" target=\"_blank\" rel=\"noreferrer noopener\">ion autour du vin ros\u00e9<\/a> au c\u0153ur d\u2019un domaine d\u2019exception.<\/li>\n\n\n\n<li><strong>Le Clos de Sainte-Maxime<\/strong> : <a href=\"https:\/\/www.amusezvous.net\/fr\/services\/le-clos-de-ste-maxime-5813072\" target=\"_blank\" rel=\"noreferrer noopener\">d\u00e9gustations raffin\u00e9es<\/a> dans une atmosph\u00e8re conviviale.<\/li>\n<\/ul>\n<\/div>\n<\/div><figure class=\"wp-block-media-text__media\"><img data-dominant-color=\"605c39\" data-has-transparency=\"false\" style=\"--dominant-color: #605c39;\" loading=\"lazy\" decoding=\"async\" width=\"1024\" height=\"1024\" src=\"https:\/\/www.weekend-provence.fr\/app\/uploads\/2025\/09\/2-1024x1024.webp\" alt=\"\" class=\"wp-image-1687 size-full not-transparent\" srcset=\"https:\/\/www.weekend-provence.fr\/app\/uploads\/2025\/09\/2-1024x1024.webp 1024w, https:\/\/www.weekend-provence.fr\/app\/uploads\/2025\/09\/2-300x300.webp 300w, https:\/\/www.weekend-provence.fr\/app\/uploads\/2025\/09\/2-768x768.webp 768w, https:\/\/www.weekend-provence.fr\/app\/uploads\/2025\/09\/2.webp 1200w\" sizes=\"auto, (max-width: 1024px) 100vw, 1024px\" \/><\/figure><\/div>\n\n\n\n<div class=\"wp-block-media-text is-stacked-on-mobile\"><figure class=\"wp-block-media-text__media\"><img data-dominant-color=\"868362\" data-has-transparency=\"false\" style=\"--dominant-color: #868362;\" loading=\"lazy\" decoding=\"async\" width=\"1024\" height=\"1024\" src=\"https:\/\/www.weekend-provence.fr\/app\/uploads\/2025\/09\/3-1024x1024.webp\" alt=\"\" class=\"wp-image-1689 size-full not-transparent\" srcset=\"https:\/\/www.weekend-provence.fr\/app\/uploads\/2025\/09\/3-1024x1024.webp 1024w, https:\/\/www.weekend-provence.fr\/app\/uploads\/2025\/09\/3-300x300.webp 300w, https:\/\/www.weekend-provence.fr\/app\/uploads\/2025\/09\/3-768x768.webp 768w, https:\/\/www.weekend-provence.fr\/app\/uploads\/2025\/09\/3.webp 1200w\" sizes=\"auto, (max-width: 1024px) 100vw, 1024px\" \/><\/figure><div class=\"wp-block-media-text__content\">\n<div class=\"wp-block-group is-layout-constrained wp-block-group-is-layout-constrained\">\n<h3 class=\"wp-block-heading\" style=\"margin-top:var(--wp--preset--spacing--70);margin-bottom:var(--wp--preset--spacing--70)\">Nos s\u00e9jours <\/h3>\n\n\n\n<p class=\"wp-block-paragraph\">Offrez-vous une escapade romantique avec la <strong>Nuit d\u2019Amour au c\u0153ur d\u2019un vignoble 4*<\/strong>, pour allier d\u00e9tente, raffinement et d\u00e9couverte des vins trop\u00e9ziens.<\/p>\n\n\n\n<div class=\"wp-block-buttons is-layout-flex wp-block-buttons-is-layout-flex\" style=\"margin-top:var(--wp--preset--spacing--70);margin-bottom:var(--wp--preset--spacing--70)\">\n<div class=\"wp-block-button\"><a class=\"wp-block-button__link wp-element-button\" href=\"https:\/\/www.weekend-provence.fr\/fr\/weekends\/nuit-d-amour-au-cur-d-un-vignoble-4-6691270\" target=\"_blank\" rel=\"noreferrer noopener\">d\u00e9couvrir<\/a><\/div>\n<\/div>\n<\/div>\n<\/div><\/div>\n\n\n\n<div class=\"wp-block-group alignwide is-layout-constrained wp-block-group-is-layout-constrained\">\n<h2 class=\"wp-block-heading has-text-align-center\" style=\"margin-top:var(--wp--preset--spacing--80);margin-bottom:var(--wp--preset--spacing--80)\">Authenticit\u00e9 et cr\u00e9ativit\u00e9 dans les vignes en <strong>Provence Verte &amp; Verdon<\/strong><\/h2>\n\n\n\n<h3 class=\"wp-block-heading has-text-align-center\">Entre collines bois\u00e9es \ud83c\udf33, villages de caract\u00e8re \ud83c\udfe1 et vignobles ensoleill\u00e9s \ud83c\udf47, une terre d\u2019\u0153notourisme riche en exp\u00e9riences originales.<\/h3>\n\n\n\n<div style=\"height:30px\" aria-hidden=\"true\" class=\"wp-block-spacer\"><\/div>\n<\/div>\n\n\n\n<div class=\"wp-block-media-text is-stacked-on-mobile\"><figure class=\"wp-block-media-text__media\"><img data-dominant-color=\"8b755b\" data-has-transparency=\"false\" style=\"--dominant-color: #8b755b;\" loading=\"lazy\" decoding=\"async\" width=\"1024\" height=\"1024\" src=\"https:\/\/www.weekend-provence.fr\/app\/uploads\/2025\/09\/1-1-1024x1024.webp\" alt=\"\" class=\"wp-image-1695 size-full not-transparent\" srcset=\"https:\/\/www.weekend-provence.fr\/app\/uploads\/2025\/09\/1-1-1024x1024.webp 1024w, https:\/\/www.weekend-provence.fr\/app\/uploads\/2025\/09\/1-1-300x300.webp 300w, https:\/\/www.weekend-provence.fr\/app\/uploads\/2025\/09\/1-1-768x768.webp 768w, https:\/\/www.weekend-provence.fr\/app\/uploads\/2025\/09\/1-1.webp 1200w\" sizes=\"auto, (max-width: 1024px) 100vw, 1024px\" \/><\/figure><div class=\"wp-block-media-text__content\">\n<div class=\"wp-block-group is-layout-constrained wp-block-group-is-layout-constrained\">\n<h3 class=\"wp-block-heading\" style=\"margin-top:var(--wp--preset--spacing--70);margin-bottom:var(--wp--preset--spacing--70)\">D\u00e9couvrir les domaines et caves<\/h3>\n\n\n\n<p class=\"wp-block-paragraph\">D\u00e9couvrez l\u2019univers \u0153notouristique de la destination et laissez vous s\u00e9duire par la diversit\u00e9 des terroirs.<\/p>\n\n\n\n<div class=\"wp-block-buttons is-layout-flex wp-block-buttons-is-layout-flex\" style=\"margin-top:var(--wp--preset--spacing--70);margin-bottom:var(--wp--preset--spacing--70)\">\n<div class=\"wp-block-button\"><a class=\"wp-block-button__link wp-element-button\" href=\"https:\/\/www.la-provence-verte.net\/index-oenotourisme-provence.php\">d\u00e9couvrir<\/a><\/div>\n<\/div>\n<\/div>\n<\/div><\/div>\n\n\n\n<div class=\"wp-block-media-text has-media-on-the-right is-stacked-on-mobile\"><div class=\"wp-block-media-text__content\">\n<div class=\"wp-block-group is-layout-constrained wp-block-group-is-layout-constrained\">\n<h3 class=\"wp-block-heading\" style=\"margin-top:var(--wp--preset--spacing--70);margin-bottom:var(--wp--preset--spacing--70)\">Exp\u00e9riences \u0153nologiques \u00e0 vivre<\/h3>\n\n\n\n<ul class=\"wp-block-list\">\n<li><strong>Sur la piste du ros\u00e9 de Provence<\/strong> au <a href=\"https:\/\/www.la-provence-verte.net\/amusez-vous\/amusezvous-sur-la-piste-du-rose-de-provence_65.html\" target=\"_blank\" rel=\"noreferrer noopener\">Ch\u00e2teau Nestuby \u00e0 Cotignac<\/a>.<\/li>\n\n\n\n<li><strong>Visite \u00e9tonnante d\u2019une cave ultra-moderne<\/strong> au <a href=\"https:\/\/www.la-provence-verte.net\/amusez-vous\/amusezvous-visite-etonnante-de-l-une-des-caves-les-plus-modernes-de-provence_318.html\" target=\"_blank\" rel=\"noreferrer noopener\">Ch\u00e2teau L\u2019Escarelle \u00e0 La Celle<\/a>.<\/li>\n\n\n\n<li><strong>Quand l\u2019art s\u2019invite au domaine<\/strong> au <a href=\"https:\/\/www.la-provence-verte.net\/amusez-vous\/amusezvous-quand-l-art-s-invite-au-domaine_241.html\" target=\"_blank\" rel=\"noreferrer noopener\">Ch\u00e2teau Vignelaure \u00e0 Rians<\/a>.<\/li>\n\n\n\n<li><strong>\u00c0 la recherche de la malle perdue<\/strong> au <a href=\"https:\/\/www.la-provence-verte.net\/amusez-vous\/amusezvous-a-la-recherche-de-la-malle-perdue_307.html\" target=\"_blank\" rel=\"noreferrer noopener\">Domaine des Aspras \u00e0 Correns<\/a>.<\/li>\n\n\n\n<li><strong>Escape game en plein air avec Vino Secreta<\/strong> : <a href=\"https:\/\/la-provence-verte.net\/amusez-vous\/programme.php?motCle=vino%20secreta\" target=\"_blank\" rel=\"noreferrer noopener\">un jeu in\u00e9dit dans les vignes<\/a>.<\/li>\n<\/ul>\n<\/div>\n<\/div><figure class=\"wp-block-media-text__media\"><img data-dominant-color=\"738167\" data-has-transparency=\"false\" style=\"--dominant-color: #738167;\" loading=\"lazy\" decoding=\"async\" width=\"1024\" height=\"1024\" src=\"https:\/\/www.weekend-provence.fr\/app\/uploads\/2025\/09\/2-1-1024x1024.webp\" alt=\"\" class=\"wp-image-1697 size-full not-transparent\" srcset=\"https:\/\/www.weekend-provence.fr\/app\/uploads\/2025\/09\/2-1-1024x1024.webp 1024w, https:\/\/www.weekend-provence.fr\/app\/uploads\/2025\/09\/2-1-300x300.webp 300w, https:\/\/www.weekend-provence.fr\/app\/uploads\/2025\/09\/2-1-768x768.webp 768w, https:\/\/www.weekend-provence.fr\/app\/uploads\/2025\/09\/2-1.webp 1200w\" sizes=\"auto, (max-width: 1024px) 100vw, 1024px\" \/><\/figure><\/div>\n\n\n\n<div class=\"wp-block-media-text is-stacked-on-mobile\"><figure class=\"wp-block-media-text__media\"><img data-dominant-color=\"9b8a76\" data-has-transparency=\"false\" style=\"--dominant-color: #9b8a76;\" loading=\"lazy\" decoding=\"async\" width=\"631\" height=\"597\" src=\"https:\/\/www.weekend-provence.fr\/app\/uploads\/2025\/09\/Affiche-Vignobles-en-Scene-1.webp\" alt=\"\" class=\"wp-image-1691 size-full not-transparent\" srcset=\"https:\/\/www.weekend-provence.fr\/app\/uploads\/2025\/09\/Affiche-Vignobles-en-Scene-1.webp 631w, https:\/\/www.weekend-provence.fr\/app\/uploads\/2025\/09\/Affiche-Vignobles-en-Scene-1-300x284.webp 300w\" sizes=\"auto, (max-width: 631px) 100vw, 631px\" \/><\/figure><div class=\"wp-block-media-text__content\">\n<div class=\"wp-block-group is-layout-constrained wp-block-group-is-layout-constrained\">\n<h3 class=\"wp-block-heading\" style=\"margin-top:var(--wp--preset--spacing--70);margin-bottom:var(--wp--preset--spacing--70)\">Un \u00e9v\u00e9nement phare : Vignobles en Sc\u00e8ne<\/h3>\n\n\n\n<p class=\"wp-block-paragraph\">En septembre, la Provence Verte &amp; Verdon participe \u00e0 <strong>Vignobles en Sc\u00e8ne<\/strong>, un \u00e9v\u00e9nement national d\u00e9di\u00e9 \u00e0 l\u2019\u0153notourisme qui allie spectacles et d\u00e9gustations dans des lieux viticoles embl\u00e9matiques.<\/p>\n\n\n\n<div class=\"wp-block-buttons is-layout-flex wp-block-buttons-is-layout-flex\" style=\"margin-top:var(--wp--preset--spacing--70);margin-bottom:var(--wp--preset--spacing--70)\">\n<div class=\"wp-block-button\"><a class=\"wp-block-button__link wp-element-button\" href=\"https:\/\/www.la-provence-verte.net\/actualites\/festivite-vignobles-en-sceneles-journees-vignobles-decouvertes-en-provence-verte-verdon_6613623.html\">En savoir plus<\/a><\/div>\n<\/div>\n<\/div>\n<\/div><\/div>\n\n\n\n<div class=\"wp-block-media-text has-media-on-the-right is-stacked-on-mobile\"><div class=\"wp-block-media-text__content\">\n<div class=\"wp-block-group is-layout-constrained wp-block-group-is-layout-constrained\">\n<h3 class=\"wp-block-heading\" style=\"margin-top:var(--wp--preset--spacing--70);margin-bottom:var(--wp--preset--spacing--70)\">Nos s\u00e9jours<\/h3>\n\n\n\n<p class=\"wp-block-paragraph\"><strong><a href=\"https:\/\/www.weekend-provence.fr\/fr\/weekends\/amour-vignes-velo-6195086\" target=\"_blank\" rel=\"noreferrer noopener\">Amour, vignes et v\u00e9lo<\/a><\/strong> : un week-end original alliant balades \u00e0 v\u00e9lo et d\u00e9gustations.<\/p>\n\n\n\n<p class=\"wp-block-paragraph\"><strong><a href=\"https:\/\/www.weekend-provence.fr\/fr\/weekends\/parenthese-amoureuse-au-domaine-5213508\" target=\"_blank\" rel=\"noreferrer noopener\">Parenth\u00e8se amoureuse au domaine<\/a><\/strong> : une exp\u00e9rience romantique dans un cadre viticole enchanteur.<\/p>\n<\/div>\n<\/div><figure class=\"wp-block-media-text__media\"><img data-dominant-color=\"757f7b\" data-has-transparency=\"false\" style=\"--dominant-color: #757f7b;\" loading=\"lazy\" decoding=\"async\" width=\"1024\" height=\"1024\" src=\"https:\/\/www.weekend-provence.fr\/app\/uploads\/2025\/09\/amour-vignes-velo_6195086_1-1024x1024.webp\" alt=\"\" class=\"wp-image-1693 size-full not-transparent\" srcset=\"https:\/\/www.weekend-provence.fr\/app\/uploads\/2025\/09\/amour-vignes-velo_6195086_1-1024x1024.webp 1024w, https:\/\/www.weekend-provence.fr\/app\/uploads\/2025\/09\/amour-vignes-velo_6195086_1-300x300.webp 300w, https:\/\/www.weekend-provence.fr\/app\/uploads\/2025\/09\/amour-vignes-velo_6195086_1-768x768.webp 768w, https:\/\/www.weekend-provence.fr\/app\/uploads\/2025\/09\/amour-vignes-velo_6195086_1.webp 1050w\" sizes=\"auto, (max-width: 1024px) 100vw, 1024px\" \/><\/figure><\/div>\n\n\n\n<div class=\"wp-block-group alignwide is-layout-constrained wp-block-group-is-layout-constrained\">\n<h2 class=\"wp-block-heading has-text-align-center\" style=\"margin-top:var(--wp--preset--spacing--80);margin-bottom:var(--wp--preset--spacing--80)\"><strong>Est\u00e9rel C\u00f4te d\u2019Azur<\/strong> : entre mer, massif rouge et vignobles de caract\u00e8re<\/h2>\n\n\n\n<h3 class=\"wp-block-heading has-text-align-center\">Dans le d\u00e9cor unique du massif de l\u2019Est\u00e9rel \u26f0\ufe0f et de la M\u00e9diterran\u00e9e \u26f5, un terroir viticole authentique \ud83c\udf47 et des exp\u00e9riences originales.<\/h3>\n\n\n\n<div style=\"height:30px\" aria-hidden=\"true\" class=\"wp-block-spacer\"><\/div>\n<\/div>\n\n\n\n<div class=\"wp-block-media-text is-stacked-on-mobile\"><figure class=\"wp-block-media-text__media\"><img data-dominant-color=\"beb39b\" data-has-transparency=\"false\" style=\"--dominant-color: #beb39b;\" loading=\"lazy\" decoding=\"async\" width=\"1024\" height=\"1024\" src=\"https:\/\/www.weekend-provence.fr\/app\/uploads\/2025\/09\/1-2-1024x1024.webp\" alt=\"\" class=\"wp-image-1699 size-full not-transparent\" srcset=\"https:\/\/www.weekend-provence.fr\/app\/uploads\/2025\/09\/1-2-1024x1024.webp 1024w, https:\/\/www.weekend-provence.fr\/app\/uploads\/2025\/09\/1-2-300x300.webp 300w, https:\/\/www.weekend-provence.fr\/app\/uploads\/2025\/09\/1-2-768x768.webp 768w, https:\/\/www.weekend-provence.fr\/app\/uploads\/2025\/09\/1-2.webp 1200w\" sizes=\"auto, (max-width: 1024px) 100vw, 1024px\" \/><\/figure><div class=\"wp-block-media-text__content\">\n<div class=\"wp-block-group is-layout-constrained wp-block-group-is-layout-constrained\">\n<h3 class=\"wp-block-heading\" style=\"margin-top:var(--wp--preset--spacing--70);margin-bottom:var(--wp--preset--spacing--70)\">D\u00e9couvrir les domaines <\/h3>\n\n\n\n<p class=\"wp-block-paragraph\">Explorez l\u2019ensemble des domaines viticoles du territoire et vivez une <a href=\"https:\/\/www.esterel-cotedazur.com\/decouvrir\/artisanat-terroir\/experience-oenologique\/\" target=\"_blank\" rel=\"noreferrer noopener\">exp\u00e9rience \u0153nologique <\/a>m\u00ealant savoir-faire et d\u00e9gustation.<\/p>\n\n\n\n<div class=\"wp-block-buttons is-layout-flex wp-block-buttons-is-layout-flex\" style=\"margin-top:var(--wp--preset--spacing--70);margin-bottom:var(--wp--preset--spacing--70)\">\n<div class=\"wp-block-button\"><a class=\"wp-block-button__link wp-element-button\" href=\"https:\/\/www.esterel-cotedazur.com\/decouvrir\/artisanat-terroir\/domaines-viticoles\/\" target=\"_blank\" rel=\"noreferrer noopener\">d\u00e9couvrir<\/a><\/div>\n<\/div>\n<\/div>\n<\/div><\/div>\n\n\n\n<div class=\"wp-block-media-text has-media-on-the-right is-stacked-on-mobile\"><div class=\"wp-block-media-text__content\">\n<div class=\"wp-block-group is-layout-constrained wp-block-group-is-layout-constrained\">\n<h3 class=\"wp-block-heading\" style=\"margin-top:var(--wp--preset--spacing--70);margin-bottom:var(--wp--preset--spacing--70)\">Exp\u00e9riences \u0153nologiques \u00e0 vivre<\/h3>\n\n\n\n<ul class=\"wp-block-list\">\n<li><strong>Visite audio et p\u00e9tanque au Clos des Roses<\/strong> : <a href=\"https:\/\/www.experiencecotedazur.com\/frejus\/1-2-journee-visite-audio-et-petanque-au-domaine-du-clos-des-roses+clos-des-roses\" target=\"_blank\" rel=\"noreferrer noopener\">d\u00e9couverte ludique et conviviale<\/a>.<\/li>\n\n\n\n<li><strong>Visite guid\u00e9e du Jas des Oliviers<\/strong> : <a href=\"https:\/\/www.experiencecotedazur.com\/frejus\/visite-guidee-du-domaine-et-degustations-de-vin-jas-des-oliviers+scea-jas-des-oliviers\" target=\"_blank\" rel=\"noreferrer noopener\">plong\u00e9e dans l\u2019histoire du domaine et d\u00e9gustations de vins<\/a>.<\/li>\n<\/ul>\n<\/div>\n<\/div><figure class=\"wp-block-media-text__media\"><img data-dominant-color=\"c9ab93\" data-has-transparency=\"false\" style=\"--dominant-color: #c9ab93;\" loading=\"lazy\" decoding=\"async\" width=\"1024\" height=\"1024\" src=\"https:\/\/www.weekend-provence.fr\/app\/uploads\/2025\/09\/2-2-1024x1024.webp\" alt=\"\" class=\"wp-image-1701 size-full not-transparent\" srcset=\"https:\/\/www.weekend-provence.fr\/app\/uploads\/2025\/09\/2-2-1024x1024.webp 1024w, https:\/\/www.weekend-provence.fr\/app\/uploads\/2025\/09\/2-2-300x300.webp 300w, https:\/\/www.weekend-provence.fr\/app\/uploads\/2025\/09\/2-2-768x768.webp 768w, https:\/\/www.weekend-provence.fr\/app\/uploads\/2025\/09\/2-2.webp 1200w\" sizes=\"auto, (max-width: 1024px) 100vw, 1024px\" \/><\/figure><\/div>\n\n\n\n<div class=\"wp-block-media-text is-stacked-on-mobile\"><figure class=\"wp-block-media-text__media\"><img data-dominant-color=\"8b746a\" data-has-transparency=\"false\" style=\"--dominant-color: #8b746a;\" loading=\"lazy\" decoding=\"async\" width=\"1024\" height=\"1024\" src=\"https:\/\/www.weekend-provence.fr\/app\/uploads\/2025\/09\/3-1-1024x1024.webp\" alt=\"\" class=\"wp-image-1703 size-full not-transparent\" srcset=\"https:\/\/www.weekend-provence.fr\/app\/uploads\/2025\/09\/3-1-1024x1024.webp 1024w, https:\/\/www.weekend-provence.fr\/app\/uploads\/2025\/09\/3-1-300x300.webp 300w, https:\/\/www.weekend-provence.fr\/app\/uploads\/2025\/09\/3-1-768x768.webp 768w, https:\/\/www.weekend-provence.fr\/app\/uploads\/2025\/09\/3-1.webp 1200w\" sizes=\"auto, (max-width: 1024px) 100vw, 1024px\" \/><\/figure><div class=\"wp-block-media-text__content\">\n<div class=\"wp-block-group is-layout-constrained wp-block-group-is-layout-constrained\">\n<h3 class=\"wp-block-heading\" style=\"margin-top:var(--wp--preset--spacing--70);margin-bottom:var(--wp--preset--spacing--70)\">Nos s\u00e9jours<\/h3>\n\n\n\n<p class=\"wp-block-paragraph\">Offrez-vous une <strong>pause romantique au c\u0153ur d\u2019un vignoble de charme<\/strong> et vivez un s\u00e9jour alliant bien-\u00eatre, d\u00e9couverte et paysages grandioses.<\/p>\n\n\n\n<div class=\"wp-block-buttons is-layout-flex wp-block-buttons-is-layout-flex\" style=\"margin-top:var(--wp--preset--spacing--70);margin-bottom:var(--wp--preset--spacing--70)\">\n<div class=\"wp-block-button\"><a class=\"wp-block-button__link wp-element-button\" href=\"https:\/\/www.weekend-provence.fr\/fr\/weekends\/pause-romantique-au-cur-d-un-vignoble-de-charme-5701186\" target=\"_blank\" rel=\"noreferrer noopener\">d\u00e9couvrir<\/a><\/div>\n<\/div>\n<\/div>\n<\/div><\/div>\n\n\n\n<div class=\"wp-block-group alignwide is-layout-constrained wp-block-group-is-layout-constrained\">\n<p class=\"has-text-align-center wp-block-paragraph\">En septembre, les vendanges sont l\u2019occasion r\u00eav\u00e9e de d\u00e9couvrir la Provence autrement : entre d\u00e9gustations, activit\u00e9s insolites et s\u00e9jours romantiques, chaque destination d\u00e9voile ses tr\u00e9sors viticoles.<\/p>\n<\/div>\n\n\n\n<div class=\"wp-block-group alignwide is-layout-constrained wp-block-group-is-layout-constrained\">\n<h2 class=\"wp-block-heading alignfull\">A lire aussi<\/h2>\n\n\n<div class=\"relative wp-block-fmz-slider alignfull\">\n<div class=\"wp-block-query alignfull is-layout-flow wp-block-query-is-layout-flow fmz-slider-1863781129445620 swiper\"><ul class=\"swiper-wrapper\"><li class=\"wp-block-post post-2332 post type-post status-publish format-standard has-post-thumbnail hentry category-destination category-sejours category-week-end swiper-slide\">\n\n<div class=\"wp-block-cover has-custom-content-position is-position-bottom-left\" style=\"border-radius:16px\"><span aria-hidden=\"true\" class=\"wp-block-cover__background has-background-dim has-background-gradient has-bg-gradient-to-black-bottom-gradient-background\"><\/span><img loading=\"lazy\" decoding=\"async\" width=\"1200\" height=\"1200\" src=\"https:\/\/www.weekend-provence.fr\/app\/uploads\/2026\/04\/Design-sans-titre-19-png.webp\" class=\"wp-block-cover__image-background not-transparent wp-post-image\" alt=\"\" data-object-fit=\"cover\" srcset=\"https:\/\/www.weekend-provence.fr\/app\/uploads\/2026\/04\/Design-sans-titre-19-png.webp 1200w, https:\/\/www.weekend-provence.fr\/app\/uploads\/2026\/04\/Design-sans-titre-19-300x300-2.png 300w, https:\/\/www.weekend-provence.fr\/app\/uploads\/2026\/04\/Design-sans-titre-19-768x768-1.png 768w, https:\/\/www.weekend-provence.fr\/app\/uploads\/2026\/04\/Design-sans-titre-19-1024x1024-1.png 1024w\" sizes=\"auto, (max-width: 1200px) 100vw, 1200px\" data-has-transparency=\"false\" data-dominant-color=\"687986\" style=\"--dominant-color: #687986;\" \/><div class=\"wp-block-cover__inner-container is-layout-constrained wp-block-cover-is-layout-constrained\"><h2 class=\"wp-block-post-title\"><a href=\"https:\/\/www.weekend-provence.fr\/fr\/le-guide-ultime-du-slow-tourisme-en-provence\" target=\"_self\" >Le guide ultime du slow tourisme en Provence<\/a><\/h2>\n\n<div class=\"wp-block-post-date\"><time datetime=\"2026-04-16T07:28:16+00:00\">16 avril 2026<\/time><\/div><\/div><\/div>\n\n<\/li><li class=\"wp-block-post post-2258 post type-post status-publish format-standard has-post-thumbnail hentry category-destination swiper-slide\">\n\n<div class=\"wp-block-cover has-custom-content-position is-position-bottom-left\" style=\"border-radius:16px\"><span aria-hidden=\"true\" class=\"wp-block-cover__background has-background-dim has-background-gradient has-bg-gradient-to-black-bottom-gradient-background\"><\/span><img loading=\"lazy\" decoding=\"async\" width=\"1200\" height=\"1200\" src=\"https:\/\/www.weekend-provence.fr\/app\/uploads\/2026\/03\/1-1.webp\" class=\"wp-block-cover__image-background not-transparent wp-post-image\" alt=\"\" data-object-fit=\"cover\" srcset=\"https:\/\/www.weekend-provence.fr\/app\/uploads\/2026\/03\/1-1.webp 1200w, https:\/\/www.weekend-provence.fr\/app\/uploads\/2026\/03\/1-1-300x300.webp 300w, https:\/\/www.weekend-provence.fr\/app\/uploads\/2026\/03\/1-1-1024x1024.webp 1024w, https:\/\/www.weekend-provence.fr\/app\/uploads\/2026\/03\/1-1-768x768.webp 768w\" sizes=\"auto, (max-width: 1200px) 100vw, 1200px\" data-has-transparency=\"false\" data-dominant-color=\"8d8879\" style=\"--dominant-color: #8d8879;\" \/><div class=\"wp-block-cover__inner-container is-layout-constrained wp-block-cover-is-layout-constrained\"><h2 class=\"wp-block-post-title\"><a href=\"https:\/\/www.weekend-provence.fr\/fr\/ou-admirer-les-premieres-fleurs-de-printemps-en-provence\" target=\"_self\" >O\u00f9 admirer les premi\u00e8res fleurs de printemps en Provence ?<\/a><\/h2>\n\n<div class=\"wp-block-post-date\"><time datetime=\"2026-03-03T10:31:28+00:00\">3 mars 2026<\/time><\/div><\/div><\/div>\n\n<\/li><li class=\"wp-block-post post-2182 post type-post status-publish format-standard has-post-thumbnail hentry category-en-couple category-sejours swiper-slide\">\n\n<div class=\"wp-block-cover has-custom-content-position is-position-bottom-left\" style=\"border-radius:16px\"><span aria-hidden=\"true\" class=\"wp-block-cover__background has-background-dim has-background-gradient has-bg-gradient-to-black-bottom-gradient-background\"><\/span><img loading=\"lazy\" decoding=\"async\" width=\"1920\" height=\"1080\" src=\"https:\/\/www.weekend-provence.fr\/app\/uploads\/2024\/06\/Romantique-1.webp\" class=\"wp-block-cover__image-background not-transparent wp-post-image\" alt=\"\" data-object-fit=\"cover\" srcset=\"https:\/\/www.weekend-provence.fr\/app\/uploads\/2024\/06\/Romantique-1.webp 1920w, https:\/\/www.weekend-provence.fr\/app\/uploads\/2024\/06\/Romantique-1-300x169.webp 300w, https:\/\/www.weekend-provence.fr\/app\/uploads\/2024\/06\/Romantique-1-1024x576.webp 1024w, https:\/\/www.weekend-provence.fr\/app\/uploads\/2024\/06\/Romantique-1-768x432.webp 768w, https:\/\/www.weekend-provence.fr\/app\/uploads\/2024\/06\/Romantique-1-1536x864.webp 1536w\" sizes=\"auto, (max-width: 1920px) 100vw, 1920px\" data-has-transparency=\"false\" data-dominant-color=\"9e704d\" style=\"--dominant-color: #9e704d;\" \/><div class=\"wp-block-cover__inner-container is-layout-constrained wp-block-cover-is-layout-constrained\"><h2 class=\"wp-block-post-title\"><a href=\"https:\/\/www.weekend-provence.fr\/fr\/special-saint-valentin-les-lieux-les-plus-romantiques\" target=\"_self\" >Sp\u00e9cial Saint-Valentin : les lieux les plus romantiques<\/a><\/h2>\n\n<div class=\"wp-block-post-date\"><time datetime=\"2026-01-26T10:30:18+00:00\">26 janvier 2026<\/time><\/div><\/div><\/div>\n\n<\/li><li class=\"wp-block-post post-2136 post type-post status-publish format-standard has-post-thumbnail hentry category-destination swiper-slide\">\n\n<div class=\"wp-block-cover has-custom-content-position is-position-bottom-left\" style=\"border-radius:16px\"><span aria-hidden=\"true\" class=\"wp-block-cover__background has-background-dim has-background-gradient has-bg-gradient-to-black-bottom-gradient-background\"><\/span><img loading=\"lazy\" decoding=\"async\" width=\"2560\" height=\"1705\" src=\"https:\/\/www.weekend-provence.fr\/app\/uploads\/2026\/01\/DJI_0360-scaled.webp\" class=\"wp-block-cover__image-background not-transparent wp-post-image\" alt=\"\" data-object-fit=\"cover\" srcset=\"https:\/\/www.weekend-provence.fr\/app\/uploads\/2026\/01\/DJI_0360-scaled.webp 2560w, https:\/\/www.weekend-provence.fr\/app\/uploads\/2026\/01\/DJI_0360-300x200.webp 300w, https:\/\/www.weekend-provence.fr\/app\/uploads\/2026\/01\/DJI_0360-1024x682.webp 1024w, https:\/\/www.weekend-provence.fr\/app\/uploads\/2026\/01\/DJI_0360-768x512.webp 768w, https:\/\/www.weekend-provence.fr\/app\/uploads\/2026\/01\/DJI_0360-1536x1023.webp 1536w, https:\/\/www.weekend-provence.fr\/app\/uploads\/2026\/01\/DJI_0360-2048x1364.webp 2048w\" sizes=\"auto, (max-width: 2560px) 100vw, 2560px\" data-has-transparency=\"false\" data-dominant-color=\"688f9e\" style=\"--dominant-color: #688f9e;\" \/><div class=\"wp-block-cover__inner-container is-layout-constrained wp-block-cover-is-layout-constrained\"><h2 class=\"wp-block-post-title\"><a href=\"https:\/\/www.weekend-provence.fr\/fr\/les-meilleures-randonnees-a-decouvrir-en-hiver\" target=\"_self\" >Les meilleures randonn\u00e9es \u00e0 d\u00e9couvrir en hiver<\/a><\/h2>\n\n<div class=\"wp-block-post-date\"><time datetime=\"2026-01-06T09:15:52+00:00\">6 janvier 2026<\/time><\/div><\/div><\/div>\n\n<\/li><li class=\"wp-block-post post-2047 post type-post status-publish format-standard has-post-thumbnail hentry category-saison category-sejours category-week-end swiper-slide\">\n\n<div class=\"wp-block-cover has-custom-content-position is-position-bottom-left\" style=\"border-radius:16px\"><span aria-hidden=\"true\" class=\"wp-block-cover__background has-background-dim has-background-gradient has-bg-gradient-to-black-bottom-gradient-background\"><\/span><img loading=\"lazy\" decoding=\"async\" width=\"2560\" height=\"1707\" src=\"https:\/\/www.weekend-provence.fr\/app\/uploads\/2025\/11\/pexels-george-dolgikh-551816-1303088-scaled-e1764059149887.webp\" class=\"wp-block-cover__image-background not-transparent wp-post-image\" alt=\"\" data-object-fit=\"cover\" data-has-transparency=\"false\" data-dominant-color=\"714c36\" style=\"--dominant-color: #714c36;\" \/><div class=\"wp-block-cover__inner-container is-layout-constrained wp-block-cover-is-layout-constrained\"><h2 class=\"wp-block-post-title\"><a href=\"https:\/\/www.weekend-provence.fr\/fr\/bons-cadeaux-a-offrir-a-noel\" target=\"_self\" >Bons cadeaux \u00e0 offrir \u00e0 No\u00ebl<\/a><\/h2>\n\n<div class=\"wp-block-post-date\"><time datetime=\"2025-11-25T08:45:56+00:00\">25 novembre 2025<\/time><\/div><\/div><\/div>\n\n<\/li><li class=\"wp-block-post post-1836 post type-post status-publish format-standard has-post-thumbnail hentry category-entre-amis category-saison category-sejours category-tous-les-articles swiper-slide\">\n\n<div class=\"wp-block-cover has-custom-content-position is-position-bottom-left\" style=\"border-radius:16px\"><span aria-hidden=\"true\" class=\"wp-block-cover__background has-background-dim has-background-gradient has-bg-gradient-to-black-bottom-gradient-background\"><\/span><img loading=\"lazy\" decoding=\"async\" width=\"2560\" height=\"1707\" src=\"https:\/\/www.weekend-provence.fr\/app\/uploads\/2025\/10\/alex-bertha-Jyg7xHRmXiU-unsplash-scaled.webp\" class=\"wp-block-cover__image-background not-transparent wp-post-image\" alt=\"\" data-object-fit=\"cover\" srcset=\"https:\/\/www.weekend-provence.fr\/app\/uploads\/2025\/10\/alex-bertha-Jyg7xHRmXiU-unsplash-scaled.webp 2560w, https:\/\/www.weekend-provence.fr\/app\/uploads\/2025\/10\/alex-bertha-Jyg7xHRmXiU-unsplash-300x200.webp 300w, https:\/\/www.weekend-provence.fr\/app\/uploads\/2025\/10\/alex-bertha-Jyg7xHRmXiU-unsplash-1024x683.webp 1024w, https:\/\/www.weekend-provence.fr\/app\/uploads\/2025\/10\/alex-bertha-Jyg7xHRmXiU-unsplash-768x512.webp 768w, https:\/\/www.weekend-provence.fr\/app\/uploads\/2025\/10\/alex-bertha-Jyg7xHRmXiU-unsplash-1536x1024.webp 1536w, https:\/\/www.weekend-provence.fr\/app\/uploads\/2025\/10\/alex-bertha-Jyg7xHRmXiU-unsplash-2048x1365.webp 2048w\" sizes=\"auto, (max-width: 2560px) 100vw, 2560px\" data-has-transparency=\"false\" data-dominant-color=\"a6c2cd\" style=\"--dominant-color: #a6c2cd;\" \/><div class=\"wp-block-cover__inner-container is-layout-constrained wp-block-cover-is-layout-constrained\"><h2 class=\"wp-block-post-title\"><a href=\"https:\/\/www.weekend-provence.fr\/fr\/sejours-bien-etre-profitez-de-lautomne-en-provence-pour-vous-ressourcer\" target=\"_self\" >S\u00e9jours bien-\u00eatre : profitez de l\u2019automne en Provence pour vous ressourcer<\/a><\/h2>\n\n<div class=\"wp-block-post-date\"><time datetime=\"2025-10-22T07:02:59+00:00\">22 octobre 2025<\/time><\/div><\/div><\/div>\n\n<\/li><li class=\"wp-block-post post-1781 post type-post status-publish format-standard has-post-thumbnail hentry category-destination category-entre-amis category-saison category-sejours category-tous-les-articles swiper-slide\">\n\n<div class=\"wp-block-cover has-custom-content-position is-position-bottom-left\" style=\"border-radius:16px\"><span aria-hidden=\"true\" class=\"wp-block-cover__background has-background-dim has-background-gradient has-bg-gradient-to-black-bottom-gradient-background\"><\/span><img loading=\"lazy\" decoding=\"async\" width=\"1120\" height=\"1067\" src=\"https:\/\/www.weekend-provence.fr\/app\/uploads\/2025\/10\/les-voiles-de-saint-tropez_7217773_6-e1759478350559.webp\" class=\"wp-block-cover__image-background not-transparent wp-post-image\" alt=\"\" data-object-fit=\"cover\" srcset=\"https:\/\/www.weekend-provence.fr\/app\/uploads\/2025\/10\/les-voiles-de-saint-tropez_7217773_6-e1759478350559.webp 1120w, https:\/\/www.weekend-provence.fr\/app\/uploads\/2025\/10\/les-voiles-de-saint-tropez_7217773_6-e1759478350559-300x286.webp 300w, https:\/\/www.weekend-provence.fr\/app\/uploads\/2025\/10\/les-voiles-de-saint-tropez_7217773_6-e1759478350559-1024x976.webp 1024w, https:\/\/www.weekend-provence.fr\/app\/uploads\/2025\/10\/les-voiles-de-saint-tropez_7217773_6-e1759478350559-768x732.webp 768w\" sizes=\"auto, (max-width: 1120px) 100vw, 1120px\" data-has-transparency=\"false\" data-dominant-color=\"abaaaf\" style=\"--dominant-color: #abaaaf;\" \/><div class=\"wp-block-cover__inner-container is-layout-constrained wp-block-cover-is-layout-constrained\"><h2 class=\"wp-block-post-title\"><a href=\"https:\/\/www.weekend-provence.fr\/fr\/bien-preparer-votre-escapade-en-provence-les-incontournables-doctobre\" target=\"_self\" >Bien pr\u00e9parer votre escapade en Provence : les incontournables d\u2019octobre<\/a><\/h2>\n\n<div class=\"wp-block-post-date\"><time datetime=\"2025-10-03T08:31:48+00:00\">3 octobre 2025<\/time><\/div><\/div><\/div>\n\n<\/li><li class=\"wp-block-post post-1638 post type-post status-publish format-standard has-post-thumbnail hentry category-destination category-en-couple category-week-end category-tous-les-articles swiper-slide\">\n\n<div class=\"wp-block-cover has-custom-content-position is-position-bottom-left\" style=\"border-radius:16px\"><span aria-hidden=\"true\" class=\"wp-block-cover__background has-background-dim has-background-gradient has-bg-gradient-to-black-bottom-gradient-background\"><\/span><img loading=\"lazy\" decoding=\"async\" width=\"1800\" height=\"1201\" src=\"https:\/\/www.weekend-provence.fr\/app\/uploads\/2025\/08\/ECA8030-jpg-e1754471241705.webp\" class=\"wp-block-cover__image-background not-transparent wp-post-image\" alt=\"\" data-object-fit=\"cover\" data-has-transparency=\"false\" data-dominant-color=\"a3bbbc\" style=\"--dominant-color: #a3bbbc;\" \/><div class=\"wp-block-cover__inner-container is-layout-constrained wp-block-cover-is-layout-constrained\"><h2 class=\"wp-block-post-title\"><a href=\"https:\/\/www.weekend-provence.fr\/fr\/top-des-plus-belles-baignades\" target=\"_self\" >Top des plus belles baignades<\/a><\/h2>\n\n<div class=\"wp-block-post-date\"><time datetime=\"2025-08-06T09:07:43+00:00\">6 ao\u00fbt 2025<\/time><\/div><\/div><\/div>\n\n<\/li><li class=\"wp-block-post post-1568 post type-post status-publish format-standard has-post-thumbnail hentry category-destination category-entre-amis category-saison category-sejours category-tous-les-articles swiper-slide\">\n\n<div class=\"wp-block-cover has-custom-content-position is-position-bottom-left\" style=\"border-radius:16px\"><span aria-hidden=\"true\" class=\"wp-block-cover__background has-background-dim has-background-gradient has-bg-gradient-to-black-bottom-gradient-background\"><\/span><img loading=\"lazy\" decoding=\"async\" width=\"1454\" height=\"969\" src=\"https:\/\/www.weekend-provence.fr\/app\/uploads\/2025\/07\/unnamed.webp\" class=\"wp-block-cover__image-background not-transparent wp-post-image\" alt=\"\" data-object-fit=\"cover\" srcset=\"https:\/\/www.weekend-provence.fr\/app\/uploads\/2025\/07\/unnamed.webp 1454w, https:\/\/www.weekend-provence.fr\/app\/uploads\/2025\/07\/unnamed-300x200.webp 300w, https:\/\/www.weekend-provence.fr\/app\/uploads\/2025\/07\/unnamed-1024x682.webp 1024w, https:\/\/www.weekend-provence.fr\/app\/uploads\/2025\/07\/unnamed-768x512.webp 768w\" sizes=\"auto, (max-width: 1454px) 100vw, 1454px\" data-has-transparency=\"false\" data-dominant-color=\"7a6659\" style=\"--dominant-color: #7a6659;\" \/><div class=\"wp-block-cover__inner-container is-layout-constrained wp-block-cover-is-layout-constrained\"><h2 class=\"wp-block-post-title\"><a href=\"https:\/\/www.weekend-provence.fr\/fr\/les-festivals-dete-musique-arts-et-traditions-locales\" target=\"_self\" >Les festivals d\u2019\u00e9t\u00e9 : musique, arts et traditions locales<\/a><\/h2>\n\n<div class=\"wp-block-post-date\"><time datetime=\"2025-07-08T07:44:31+00:00\">8 juillet 2025<\/time><\/div><\/div><\/div>\n\n<\/li><li class=\"wp-block-post post-1488 post type-post status-publish format-standard has-post-thumbnail hentry category-tous-les-articles swiper-slide\">\n\n<div class=\"wp-block-cover has-custom-content-position is-position-bottom-left\" style=\"border-radius:16px\"><span aria-hidden=\"true\" class=\"wp-block-cover__background has-background-dim has-background-gradient has-bg-gradient-to-black-bottom-gradient-background\"><\/span><img loading=\"lazy\" decoding=\"async\" width=\"2560\" height=\"2560\" src=\"https:\/\/www.weekend-provence.fr\/app\/uploads\/2025\/06\/ECA7660-scaled.webp\" class=\"wp-block-cover__image-background not-transparent wp-post-image\" alt=\"\" data-object-fit=\"cover\" srcset=\"https:\/\/www.weekend-provence.fr\/app\/uploads\/2025\/06\/ECA7660-scaled.webp 2560w, https:\/\/www.weekend-provence.fr\/app\/uploads\/2025\/06\/ECA7660-300x300.webp 300w, https:\/\/www.weekend-provence.fr\/app\/uploads\/2025\/06\/ECA7660-1024x1024.webp 1024w, https:\/\/www.weekend-provence.fr\/app\/uploads\/2025\/06\/ECA7660-768x768.webp 768w, https:\/\/www.weekend-provence.fr\/app\/uploads\/2025\/06\/ECA7660-1536x1536.webp 1536w, https:\/\/www.weekend-provence.fr\/app\/uploads\/2025\/06\/ECA7660-2048x2048.webp 2048w, https:\/\/www.weekend-provence.fr\/app\/uploads\/2025\/06\/ECA7660-1280x1280.webp 1280w\" sizes=\"auto, (max-width: 2560px) 100vw, 2560px\" data-has-transparency=\"false\" data-dominant-color=\"868276\" style=\"--dominant-color: #868276;\" \/><div class=\"wp-block-cover__inner-container is-layout-constrained wp-block-cover-is-layout-constrained\"><h2 class=\"wp-block-post-title\"><a href=\"https:\/\/www.weekend-provence.fr\/fr\/les-hebergements-insolites-a-decouvrir-cet-ete\" target=\"_self\" >Les h\u00e9bergements insolites \u00e0 d\u00e9couvrir cet \u00e9t\u00e9<\/a><\/h2>\n\n<div class=\"wp-block-post-date\"><time datetime=\"2025-06-26T12:12:57+00:00\">26 juin 2025<\/time><\/div><\/div><\/div>\n\n<\/li><\/ul><\/div>\n<div class=\"swiper-prev-1863781129445620\"><div class=\"fa-4x h-full flex items-center absolute z-10 top-1\/2 -translate-x-1\/2 -translate-y-1\/2 left-0 right-auto cursor-pointer\">\n\t\t<span class=\"fa-layers fa-fw z-10\">\n\t\t\t<i class=\"fa-solid fa-circle text-white dark:text-black\"><\/i>\n\t\t\t<i class=\"fa-light fa-angle-left text-black dark:text-white\" data-fa-transform=\"shrink-6\"><\/i>\n\t\t<\/span>\n\t<\/div><\/div><div class=\"swiper-next-1863781129445620\"><div class=\"fa-4x h-full flex items-center absolute z-10 top-1\/2 translate-x-1\/2 -translate-y-1\/2 right-0 left-auto cursor-pointer\">\n\t\t<span class=\"fa-layers fa-fw z-10\">\n\t\t\t<i class=\"fa-solid fa-circle text-white dark:text-black\"><\/i>\n\t\t\t<i class=\"fa-light fa-angle-right text-black dark:text-white\" data-fa-transform=\"shrink-6\"><\/i>\n\t\t<\/span>\n\t<\/div><\/div><\/div><div class=\"fmz-slider-thumbs-container-1863781129445620 wp-block-fmz-slider alignfull\"><\/div>\n\t<script>\n\t\t\t\tnew Swiper('.fmz-slider-1863781129445620', {\n\t\t\t\n        \n        slidesPerView: 1,\n        spaceBetween: 20,\n        centeredSlides: false,\n        speed: 300,\n        loop: true,\n\t\t\t\tdirection: 'horizontal',\n\t\t\t\teffect: 'slide',\n        breakpoints:{ \n          576: { \n            slidesPerView: 2,\n            spaceBetween: 20,\n\t\t\t\t\t\tcenteredSlides: false,\n          }, \n          992: { \n            slidesPerView: 3,\n            spaceBetween: 20,\n\t\t\t\t\t\tcenteredSlides: false,\n          },\n          1200: {\n            slidesPerView: 3,\n            spaceBetween: 20,\n\t\t\t\t\t\tcenteredSlides: false,\n          },\n          1400: {\n            slidesPerView: 3,\n            spaceBetween: 20,\n\t\t\t\t\t\tcenteredSlides: false,\n          }\n        }\n      ,\n\t\t\t\t\t\t\tnavigation: { \n\t\t\t\t\tnextEl: '.swiper-next-1863781129445620', \n\t\t\t\t\tprevEl: '.swiper-prev-1863781129445620'\n\t\t\t\t},\n\t\t\t\t\t\t\t\t\ta11y: {\n\t\t\t\tenabled: true,\n\t\t\t\tprevSlideMessage: 'Previous slide',\n\t\t\t\tnextSlideMessage: 'Next slide',\n\t\t\t\tfirstSlideMessage: 'First slide',\n\t\t\t\tlastSlideMessage: 'Last slide',\n\t\t\t\tpaginationBulletMessage: 'Slide {{index}}',\n\t\t\t},\n\t\t\t\t\t\twatchSlidesProgress: true,\n\t\t\twatchOverflow: true\n\t\t} )\n\t<\/script>\n\t\n\t<\/div>\n","protected":false},"excerpt":{"rendered":"<p>Septembre en Provence rime avec vendanges, terroirs en effervescence et balades au c\u0153ur des vignes baign\u00e9es de soleil. C\u2019est la p\u00e9riode id\u00e9ale pour vivre une exp\u00e9rience unique : l\u2019\u0153notourisme. Entre d\u00e9couvertes viticoles, s\u00e9jours romantiques et activit\u00e9s insolites, trois destinations embl\u00e9matiques vous ouvrent leurs portes : le Golfe de Saint-Tropez, la Provence Verte &amp; Verdon et&#8230;<\/p>\n","protected":false},"author":2,"featured_media":1705,"comment_status":"open","ping_status":"open","sticky":false,"template":"","format":"standard","meta":{"_acf_changed":false,"_crdt_document":"","footnotes":""},"categories":[27,25,24,26,1],"tags":[],"class_list":["post-1683","post","type-post","status-publish","format-standard","has-post-thumbnail","hentry","category-destination","category-en-couple","category-entre-amis","category-saison","category-tous-les-articles"],"acf":[],"_links":{"self":[{"href":"https:\/\/www.weekend-provence.fr\/fr\/wp-json\/wp\/v2\/posts\/1683","targetHints":{"allow":["GET"]}}],"collection":[{"href":"https:\/\/www.weekend-provence.fr\/fr\/wp-json\/wp\/v2\/posts"}],"about":[{"href":"https:\/\/www.weekend-provence.fr\/fr\/wp-json\/wp\/v2\/types\/post"}],"author":[{"embeddable":true,"href":"https:\/\/www.weekend-provence.fr\/fr\/wp-json\/wp\/v2\/users\/2"}],"replies":[{"embeddable":true,"href":"https:\/\/www.weekend-provence.fr\/fr\/wp-json\/wp\/v2\/comments?post=1683"}],"version-history":[{"count":27,"href":"https:\/\/www.weekend-provence.fr\/fr\/wp-json\/wp\/v2\/posts\/1683\/revisions"}],"predecessor-version":[{"id":1929,"href":"https:\/\/www.weekend-provence.fr\/fr\/wp-json\/wp\/v2\/posts\/1683\/revisions\/1929"}],"wp:featuredmedia":[{"embeddable":true,"href":"https:\/\/www.weekend-provence.fr\/fr\/wp-json\/wp\/v2\/media\/1705"}],"wp:attachment":[{"href":"https:\/\/www.weekend-provence.fr\/fr\/wp-json\/wp\/v2\/media?parent=1683"}],"wp:term":[{"taxonomy":"category","embeddable":true,"href":"https:\/\/www.weekend-provence.fr\/fr\/wp-json\/wp\/v2\/categories?post=1683"},{"taxonomy":"post_tag","embeddable":true,"href":"https:\/\/www.weekend-provence.fr\/fr\/wp-json\/wp\/v2\/tags?post=1683"}],"curies":[{"name":"wp","href":"https:\/\/api.w.org\/{rel}","templated":true}]}}