{"id":1836,"date":"2025-10-22T07:02:59","date_gmt":"2025-10-22T07:02:59","guid":{"rendered":"https:\/\/www.weekend-provence.fr\/?p=1836"},"modified":"2025-11-20T10:53:50","modified_gmt":"2025-11-20T10:53:50","slug":"sejours-bien-etre-profitez-de-lautomne-en-provence-pour-vous-ressourcer","status":"publish","type":"post","link":"https:\/\/www.weekend-provence.fr\/fr\/sejours-bien-etre-profitez-de-lautomne-en-provence-pour-vous-ressourcer","title":{"rendered":"S\u00e9jours bien-\u00eatre : profitez de l\u2019automne en Provence pour vous ressourcer"},"content":{"rendered":"\n<div class=\"wp-block-group alignwide is-layout-constrained wp-block-group-is-layout-constrained\">\n<p class=\"wp-block-paragraph\">Quand les journ\u00e9es raccourcissent et que les feuilles se parent de teintes dor\u00e9es, la <strong>Provence <\/strong>devient le refuge parfait pour s\u2019offrir une parenth\u00e8se de douceur. <strong>L\u2019automne <\/strong>invite \u00e0 ralentir, \u00e0 se recentrer et \u00e0 prendre soin de soi&#8230; Et quoi de mieux qu\u2019un <strong>s\u00e9jour bien-\u00eatre <\/strong>pour se ressourcer au c\u0153ur de paysages apaisants ? D\u00e9couvrez nos plus belles exp\u00e9riences <strong>bien-\u00eatre<\/strong> \u00e0 vivre cet automne en <strong>Provence<\/strong>.<\/p>\n\n\n\n<div class=\"wp-block-cover alignwide is-light\" style=\"border-top-left-radius:16px;border-top-right-radius:16px;border-bottom-left-radius:16px;border-bottom-right-radius:16px\"><span aria-hidden=\"true\" class=\"wp-block-cover__background has-background-dim-0 has-background-dim\" style=\"background-color:#b0cad6\"><\/span><img loading=\"lazy\" decoding=\"async\" width=\"2560\" height=\"1707\" src=\"https:\/\/www.weekend-provence.fr\/app\/uploads\/2025\/10\/alex-bertha-Jyg7xHRmXiU-unsplash-scaled.webp\" class=\"wp-block-cover__image-background not-transparent wp-post-image\" alt=\"\" data-object-fit=\"cover\" data-object-position=\"50% 100%\" style=\"--dominant-color: #a6c2cd;object-position:50% 100%;\" srcset=\"https:\/\/www.weekend-provence.fr\/app\/uploads\/2025\/10\/alex-bertha-Jyg7xHRmXiU-unsplash-scaled.webp 2560w, https:\/\/www.weekend-provence.fr\/app\/uploads\/2025\/10\/alex-bertha-Jyg7xHRmXiU-unsplash-300x200.webp 300w, https:\/\/www.weekend-provence.fr\/app\/uploads\/2025\/10\/alex-bertha-Jyg7xHRmXiU-unsplash-1024x683.webp 1024w, https:\/\/www.weekend-provence.fr\/app\/uploads\/2025\/10\/alex-bertha-Jyg7xHRmXiU-unsplash-768x512.webp 768w, https:\/\/www.weekend-provence.fr\/app\/uploads\/2025\/10\/alex-bertha-Jyg7xHRmXiU-unsplash-1536x1024.webp 1536w, https:\/\/www.weekend-provence.fr\/app\/uploads\/2025\/10\/alex-bertha-Jyg7xHRmXiU-unsplash-2048x1365.webp 2048w\" sizes=\"auto, (max-width: 2560px) 100vw, 2560px\" data-has-transparency=\"false\" data-dominant-color=\"a6c2cd\" \/><div class=\"wp-block-cover__inner-container is-layout-constrained wp-block-cover-is-layout-constrained\">\n<p class=\"has-text-align-center has-large-font-size wp-block-paragraph\"><\/p>\n<\/div><\/div>\n\n\n\n<h2 class=\"wp-block-heading has-text-align-center\">Provence Verte &amp; Verdon : le bien-\u00eatre au c\u0153ur de la nature<\/h2>\n\n\n\n<p class=\"wp-block-paragraph\">Entre collines verdoyantes, villages paisibles et senteurs de lavande, la <strong>Provence Verte &amp; Verdon<\/strong> est la destination id\u00e9ale pour un s\u00e9jour apaisant, loin du tumulte du quotidien.<\/p>\n\n\n\n<div class=\"wp-block-media-text alignwide is-stacked-on-mobile\" style=\"grid-template-columns:30% auto\"><figure class=\"wp-block-media-text__media\"><img data-dominant-color=\"6a7879\" data-has-transparency=\"false\" style=\"--dominant-color: #6a7879;\" loading=\"lazy\" decoding=\"async\" width=\"1024\" height=\"1024\" src=\"https:\/\/www.weekend-provence.fr\/app\/uploads\/2025\/10\/weekend-bien-etre-spa-au-vert_5264053_8-1024x1024.webp\" alt=\"\" class=\"wp-image-1837 size-full not-transparent\" srcset=\"https:\/\/www.weekend-provence.fr\/app\/uploads\/2025\/10\/weekend-bien-etre-spa-au-vert_5264053_8-1024x1024.webp 1024w, https:\/\/www.weekend-provence.fr\/app\/uploads\/2025\/10\/weekend-bien-etre-spa-au-vert_5264053_8-300x300.webp 300w, https:\/\/www.weekend-provence.fr\/app\/uploads\/2025\/10\/weekend-bien-etre-spa-au-vert_5264053_8-768x768.webp 768w, https:\/\/www.weekend-provence.fr\/app\/uploads\/2025\/10\/weekend-bien-etre-spa-au-vert_5264053_8.webp 1050w\" sizes=\"auto, (max-width: 1024px) 100vw, 1024px\" \/><\/figure><div class=\"wp-block-media-text__content\">\n<div class=\"wp-block-group is-layout-constrained wp-block-group-is-layout-constrained\">\n<h3 class=\"wp-block-heading\">Week-end bien-\u00eatrte &amp; spa au vert<\/h3>\n\n\n\n<p class=\"wp-block-paragraph\">\ud83d\udccd Brignoles<\/p>\n\n\n\n<p class=\"wp-block-paragraph\">Plongez dans un v\u00e9ritable cocon de <strong>relaxation <\/strong>au c\u0153ur d\u2019un \u00e9crin de verdure. Ce s\u00e9jour allie h\u00e9bergement de charme, soins bien-\u00eatre et acc\u00e8s \u00e0 un espace <strong>spa <\/strong>pour une d\u00e9connexion totale. Ici, on savoure le calme de la nature, on respire, on rel\u00e2che\u2026 et on profite pleinement de chaque instant.<\/p>\n\n\n\n<div class=\"wp-block-buttons is-layout-flex wp-block-buttons-is-layout-flex\">\n<div class=\"wp-block-button\"><a class=\"wp-block-button__link wp-element-button\" href=\"https:\/\/www.weekend-provence.fr\/fr\/weekends\/weekend-bien-etre-spa-au-vert-5264053\">R\u00e9servez !<\/a><\/div>\n<\/div>\n<\/div>\n<\/div><\/div>\n\n\n\n<div class=\"wp-block-media-text alignwide has-media-on-the-right is-stacked-on-mobile\" style=\"grid-template-columns:auto 30%\"><div class=\"wp-block-media-text__content\">\n<div class=\"wp-block-group is-layout-constrained wp-block-group-is-layout-constrained\">\n<h3 class=\"wp-block-heading\">Love &amp; Relax sous ma Yourte<\/h3>\n\n\n\n<p class=\"wp-block-paragraph\">\ud83d\udccd Saint-Maximim-La-Sainte-Baume <\/p>\n\n\n\n<p class=\"wp-block-paragraph\">Pour une exp\u00e9rience plus <strong>insolite<\/strong>, laissez-vous tenter par une nuit sous une yourte, entre confort et authenticit\u00e9. Ambiance cocooning sous les \u00e9toiles : un week-end parfait pour les couples en qu\u00eate d\u2019un moment hors du temps, envelopp\u00e9s par la <strong>nature automnale<\/strong>.<\/p>\n\n\n\n<div class=\"wp-block-buttons is-layout-flex wp-block-buttons-is-layout-flex\">\n<div class=\"wp-block-button\"><a class=\"wp-block-button__link wp-element-button\" href=\"https:\/\/www.weekend-provence.fr\/fr\/weekends\/love-relax-sous-ma-yourte-6046227\">r\u00e9servez !<\/a><\/div>\n<\/div>\n<\/div>\n<\/div><figure class=\"wp-block-media-text__media\"><img data-dominant-color=\"7e6763\" data-has-transparency=\"false\" style=\"--dominant-color: #7e6763;\" loading=\"lazy\" decoding=\"async\" width=\"1024\" height=\"1024\" src=\"https:\/\/www.weekend-provence.fr\/app\/uploads\/2025\/10\/photo6046227_2.webp\" alt=\"\" class=\"wp-image-1839 size-full not-transparent\" srcset=\"https:\/\/www.weekend-provence.fr\/app\/uploads\/2025\/10\/photo6046227_2.webp 1024w, https:\/\/www.weekend-provence.fr\/app\/uploads\/2025\/10\/photo6046227_2-300x300.webp 300w, https:\/\/www.weekend-provence.fr\/app\/uploads\/2025\/10\/photo6046227_2-768x768.webp 768w\" sizes=\"auto, (max-width: 1024px) 100vw, 1024px\" \/><\/figure><\/div>\n\n\n\n<h2 class=\"wp-block-heading has-text-align-center\">Golfe de Saint-Tropez : l\u2019\u00e9l\u00e9gance du bien-\u00eatre en bord de mer<\/h2>\n\n\n\n<p class=\"wp-block-paragraph\">Loin de l\u2019effervescence estivale, le <strong>Golfe de Saint-Tropez<\/strong> retrouve \u00e0 <strong>l\u2019automne <\/strong>toute sa qui\u00e9tude. Les plages se vident, la mer scintille sous la lumi\u00e8re douce de la saison\u2026 le cadre r\u00eav\u00e9 pour une escapade d\u00e9tente.<\/p>\n\n\n\n<div class=\"wp-block-media-text alignwide is-stacked-on-mobile\" style=\"grid-template-columns:31% auto\"><figure class=\"wp-block-media-text__media\"><img data-dominant-color=\"b1b8b0\" data-has-transparency=\"false\" style=\"--dominant-color: #b1b8b0;\" loading=\"lazy\" decoding=\"async\" width=\"1024\" height=\"1024\" src=\"https:\/\/www.weekend-provence.fr\/app\/uploads\/2025\/10\/Design-sans-titre-64-1024x1024.webp\" alt=\"\" class=\"wp-image-1841 size-full not-transparent\" srcset=\"https:\/\/www.weekend-provence.fr\/app\/uploads\/2025\/10\/Design-sans-titre-64-1024x1024.webp 1024w, https:\/\/www.weekend-provence.fr\/app\/uploads\/2025\/10\/Design-sans-titre-64-300x300.webp 300w, https:\/\/www.weekend-provence.fr\/app\/uploads\/2025\/10\/Design-sans-titre-64-768x768.webp 768w, https:\/\/www.weekend-provence.fr\/app\/uploads\/2025\/10\/Design-sans-titre-64.webp 1200w\" sizes=\"auto, (max-width: 1024px) 100vw, 1024px\" \/><\/figure><div class=\"wp-block-media-text__content\">\n<div class=\"wp-block-group is-layout-constrained wp-block-group-is-layout-constrained\">\n<h3 class=\"wp-block-heading\">1, 2, 3 spa \u00e0 Cavalaire<\/h3>\n\n\n\n<p class=\"wp-block-paragraph\">\ud83d\udccd Cavalaire-sur-Mer<\/p>\n\n\n\n<p class=\"wp-block-paragraph\">Direction <strong>Cavalaire-sur-Mer<\/strong> pour une exp\u00e9rience <strong>bien-\u00eatre<\/strong> \u00e0 deux, o\u00f9 tout est pens\u00e9 pour le l\u00e2cher-prise. Entre <strong>spa <\/strong>privatif et moments de farniente face \u00e0 la M\u00e9diterran\u00e9e, ce s\u00e9jour promet une bulle de s\u00e9r\u00e9nit\u00e9 \u00e0 savourer sans mod\u00e9ration. Id\u00e9al pour recharger ses batteries avant l\u2019hiver.<\/p>\n\n\n\n<div class=\"wp-block-buttons is-layout-flex wp-block-buttons-is-layout-flex\">\n<div class=\"wp-block-button\"><a class=\"wp-block-button__link wp-element-button\" href=\"https:\/\/www.weekend-provence.fr\/fr\/weekends\/1-2-3-spa-5458611\">r\u00e9servez ! <\/a><\/div>\n<\/div>\n<\/div>\n<\/div><\/div>\n\n\n\n<h2 class=\"wp-block-heading has-text-align-center\">Est\u00e9rel C\u00f4te d\u2019Azur : la d\u00e9tente entre mer &amp; nature<\/h2>\n\n\n\n<p class=\"wp-block-paragraph\">Entre le bleu profond de la M\u00e9diterran\u00e9e et les roches flamboyantes du <strong>massif de l\u2019Est\u00e9rel<\/strong>, la r\u00e9gion offre un cadre idyllique pour une pause bien-\u00eatre empreinte de nature et de romantisme.<\/p>\n\n\n\n<div class=\"wp-block-media-text alignwide is-stacked-on-mobile\" style=\"grid-template-columns:32% auto\"><figure class=\"wp-block-media-text__media\"><img data-dominant-color=\"3a5c8a\" data-has-transparency=\"false\" style=\"--dominant-color: #3a5c8a;\" loading=\"lazy\" decoding=\"async\" width=\"1024\" height=\"1024\" src=\"https:\/\/www.weekend-provence.fr\/app\/uploads\/2025\/10\/Design-sans-titre-65-1024x1024.webp\" alt=\"\" class=\"wp-image-1843 size-full not-transparent\" srcset=\"https:\/\/www.weekend-provence.fr\/app\/uploads\/2025\/10\/Design-sans-titre-65-1024x1024.webp 1024w, https:\/\/www.weekend-provence.fr\/app\/uploads\/2025\/10\/Design-sans-titre-65-300x300.webp 300w, https:\/\/www.weekend-provence.fr\/app\/uploads\/2025\/10\/Design-sans-titre-65-768x768.webp 768w, https:\/\/www.weekend-provence.fr\/app\/uploads\/2025\/10\/Design-sans-titre-65.webp 1200w\" sizes=\"auto, (max-width: 1024px) 100vw, 1024px\" \/><\/figure><div class=\"wp-block-media-text__content\">\n<div class=\"wp-block-group is-layout-constrained wp-block-group-is-layout-constrained\">\n<h2 class=\"wp-block-heading\">Escapade priv\u00e9e au spa<\/h2>\n\n\n\n<p class=\"wp-block-paragraph\">\ud83d\udccd Saint-Rapha\u00ebl<\/p>\n\n\n\n<p class=\"wp-block-paragraph\">Offrez-vous un moment exclusif dans un spa privatif pens\u00e9 pour deux. Bain \u00e0 remous, hammam, massages et douce ambiance cocooning : une exp\u00e9rience sensorielle qui allie d\u00e9tente, intimit\u00e9 et \u00e9l\u00e9gance, au c\u0153ur de Saint-Rapha\u00ebl.<\/p>\n\n\n\n<div class=\"wp-block-buttons is-layout-flex wp-block-buttons-is-layout-flex\">\n<div class=\"wp-block-button\"><a class=\"wp-block-button__link wp-element-button\" href=\"https:\/\/www.weekend-provence.fr\/fr\/weekends\/escapade-privee-au-spa-6392390\">r\u00e9servez !<\/a><\/div>\n<\/div>\n<\/div>\n<\/div><\/div>\n\n\n\n<div class=\"wp-block-media-text alignwide has-media-on-the-right is-stacked-on-mobile\" style=\"grid-template-columns:auto 32%\"><div class=\"wp-block-media-text__content\">\n<div class=\"wp-block-group is-layout-constrained wp-block-group-is-layout-constrained\">\n<h3 class=\"wp-block-heading\">Romance &amp; spa sur le green<\/h3>\n\n\n\n<p class=\"wp-block-paragraph\">\ud83d\udccd Saint-Rapha\u00ebl<\/p>\n\n\n\n<p class=\"wp-block-paragraph\">Parce que d\u00e9tente et nature font toujours bon m\u00e9nage, ce s\u00e9jour combine h\u00e9bergement sur un golf, spa relaxant et ambiance romantique. Une invitation \u00e0 se reconnecter, \u00e0 soi comme \u00e0 l\u2019autre, dans un cadre verdoyant o\u00f9 tout respire la s\u00e9r\u00e9nit\u00e9.<\/p>\n\n\n\n<div class=\"wp-block-buttons is-layout-flex wp-block-buttons-is-layout-flex\">\n<div class=\"wp-block-button\"><a class=\"wp-block-button__link wp-element-button\" href=\"https:\/\/www.weekend-provence.fr\/fr\/weekends\/romance-spa-sur-le-green-4980007\">r\u00e9servez !<\/a><\/div>\n<\/div>\n<\/div>\n<\/div><figure class=\"wp-block-media-text__media\"><img data-dominant-color=\"568285\" data-has-transparency=\"false\" style=\"--dominant-color: #568285;\" loading=\"lazy\" decoding=\"async\" width=\"1024\" height=\"1024\" src=\"https:\/\/www.weekend-provence.fr\/app\/uploads\/2025\/10\/Design-sans-titre-66-1024x1024.webp\" alt=\"\" class=\"wp-image-1845 size-full not-transparent\" srcset=\"https:\/\/www.weekend-provence.fr\/app\/uploads\/2025\/10\/Design-sans-titre-66-1024x1024.webp 1024w, https:\/\/www.weekend-provence.fr\/app\/uploads\/2025\/10\/Design-sans-titre-66-300x300.webp 300w, https:\/\/www.weekend-provence.fr\/app\/uploads\/2025\/10\/Design-sans-titre-66-768x768.webp 768w, https:\/\/www.weekend-provence.fr\/app\/uploads\/2025\/10\/Design-sans-titre-66.webp 1200w\" sizes=\"auto, (max-width: 1024px) 100vw, 1024px\" \/><\/figure><\/div>\n\n\n\n<p class=\"wp-block-paragraph\">L\u2019automne en Provence, c\u2019est l\u2019occasion r\u00eav\u00e9e de ralentir le rythme et de savourer des moments simples, loin de l\u2019agitation. Entre massages, nature et ambiance cocooning, ces s\u00e9jours bien-\u00eatre sont une invitation \u00e0 renouer avec l\u2019essentiel\u2026 et avec vous-m\u00eame.<\/p>\n\n\n\n<p class=\"has-text-align-center wp-block-paragraph\">Alors, pr\u00eat(e) \u00e0 vous offrir votre pause d\u00e9tente automnale en Provence ? \ud83c\udf3f<br><a href=\"https:\/\/www.weekend-provence.fr\/fr\/week-end-bien-etre\">\ud83d\udc49 Retrouvez toutes nos <strong>exp\u00e9riences bien-\u00eatre<\/strong><\/a><\/p>\n<\/div>\n\n\n\n<div class=\"wp-block-group alignwide is-layout-constrained wp-block-group-is-layout-constrained\">\n<h2 class=\"wp-block-heading alignfull\">A lire aussi<\/h2>\n\n\n<div class=\"relative wp-block-fmz-slider alignfull\">\n<div class=\"wp-block-query alignfull is-layout-flow wp-block-query-is-layout-flow fmz-slider-1863780921577424 swiper\"><ul class=\"swiper-wrapper\"><li class=\"wp-block-post post-2332 post type-post status-publish format-standard has-post-thumbnail hentry category-destination category-sejours category-week-end swiper-slide\">\n\n<div class=\"wp-block-cover has-custom-content-position is-position-bottom-left\" style=\"border-radius:16px\"><span aria-hidden=\"true\" class=\"wp-block-cover__background has-background-dim has-background-gradient has-bg-gradient-to-black-bottom-gradient-background\"><\/span><img loading=\"lazy\" decoding=\"async\" width=\"1200\" height=\"1200\" src=\"https:\/\/www.weekend-provence.fr\/app\/uploads\/2026\/04\/Design-sans-titre-19-png.webp\" class=\"wp-block-cover__image-background not-transparent wp-post-image\" alt=\"\" data-object-fit=\"cover\" srcset=\"https:\/\/www.weekend-provence.fr\/app\/uploads\/2026\/04\/Design-sans-titre-19-png.webp 1200w, https:\/\/www.weekend-provence.fr\/app\/uploads\/2026\/04\/Design-sans-titre-19-300x300-2.png 300w, https:\/\/www.weekend-provence.fr\/app\/uploads\/2026\/04\/Design-sans-titre-19-768x768-1.png 768w, https:\/\/www.weekend-provence.fr\/app\/uploads\/2026\/04\/Design-sans-titre-19-1024x1024-1.png 1024w\" sizes=\"auto, (max-width: 1200px) 100vw, 1200px\" data-has-transparency=\"false\" data-dominant-color=\"687986\" style=\"--dominant-color: #687986;\" \/><div class=\"wp-block-cover__inner-container is-layout-constrained wp-block-cover-is-layout-constrained\"><h2 class=\"wp-block-post-title\"><a href=\"https:\/\/www.weekend-provence.fr\/fr\/le-guide-ultime-du-slow-tourisme-en-provence\" target=\"_self\" >Le guide ultime du slow tourisme en Provence<\/a><\/h2>\n\n<div class=\"wp-block-post-date\"><time datetime=\"2026-04-16T07:28:16+00:00\">16 avril 2026<\/time><\/div><\/div><\/div>\n\n<\/li><li class=\"wp-block-post post-2258 post type-post status-publish format-standard has-post-thumbnail hentry category-destination swiper-slide\">\n\n<div class=\"wp-block-cover has-custom-content-position is-position-bottom-left\" style=\"border-radius:16px\"><span aria-hidden=\"true\" class=\"wp-block-cover__background has-background-dim has-background-gradient has-bg-gradient-to-black-bottom-gradient-background\"><\/span><img loading=\"lazy\" decoding=\"async\" width=\"1200\" height=\"1200\" src=\"https:\/\/www.weekend-provence.fr\/app\/uploads\/2026\/03\/1-1.webp\" class=\"wp-block-cover__image-background not-transparent wp-post-image\" alt=\"\" data-object-fit=\"cover\" srcset=\"https:\/\/www.weekend-provence.fr\/app\/uploads\/2026\/03\/1-1.webp 1200w, https:\/\/www.weekend-provence.fr\/app\/uploads\/2026\/03\/1-1-300x300.webp 300w, https:\/\/www.weekend-provence.fr\/app\/uploads\/2026\/03\/1-1-1024x1024.webp 1024w, https:\/\/www.weekend-provence.fr\/app\/uploads\/2026\/03\/1-1-768x768.webp 768w\" sizes=\"auto, (max-width: 1200px) 100vw, 1200px\" data-has-transparency=\"false\" data-dominant-color=\"8d8879\" style=\"--dominant-color: #8d8879;\" \/><div class=\"wp-block-cover__inner-container is-layout-constrained wp-block-cover-is-layout-constrained\"><h2 class=\"wp-block-post-title\"><a href=\"https:\/\/www.weekend-provence.fr\/fr\/ou-admirer-les-premieres-fleurs-de-printemps-en-provence\" target=\"_self\" >O\u00f9 admirer les premi\u00e8res fleurs de printemps en Provence ?<\/a><\/h2>\n\n<div class=\"wp-block-post-date\"><time datetime=\"2026-03-03T10:31:28+00:00\">3 mars 2026<\/time><\/div><\/div><\/div>\n\n<\/li><li class=\"wp-block-post post-2182 post type-post status-publish format-standard has-post-thumbnail hentry category-en-couple category-sejours swiper-slide\">\n\n<div class=\"wp-block-cover has-custom-content-position is-position-bottom-left\" style=\"border-radius:16px\"><span aria-hidden=\"true\" class=\"wp-block-cover__background has-background-dim has-background-gradient has-bg-gradient-to-black-bottom-gradient-background\"><\/span><img loading=\"lazy\" decoding=\"async\" width=\"1920\" height=\"1080\" src=\"https:\/\/www.weekend-provence.fr\/app\/uploads\/2024\/06\/Romantique-1.webp\" class=\"wp-block-cover__image-background not-transparent wp-post-image\" alt=\"\" data-object-fit=\"cover\" srcset=\"https:\/\/www.weekend-provence.fr\/app\/uploads\/2024\/06\/Romantique-1.webp 1920w, https:\/\/www.weekend-provence.fr\/app\/uploads\/2024\/06\/Romantique-1-300x169.webp 300w, https:\/\/www.weekend-provence.fr\/app\/uploads\/2024\/06\/Romantique-1-1024x576.webp 1024w, https:\/\/www.weekend-provence.fr\/app\/uploads\/2024\/06\/Romantique-1-768x432.webp 768w, https:\/\/www.weekend-provence.fr\/app\/uploads\/2024\/06\/Romantique-1-1536x864.webp 1536w\" sizes=\"auto, (max-width: 1920px) 100vw, 1920px\" data-has-transparency=\"false\" data-dominant-color=\"9e704d\" style=\"--dominant-color: #9e704d;\" \/><div class=\"wp-block-cover__inner-container is-layout-constrained wp-block-cover-is-layout-constrained\"><h2 class=\"wp-block-post-title\"><a href=\"https:\/\/www.weekend-provence.fr\/fr\/special-saint-valentin-les-lieux-les-plus-romantiques\" target=\"_self\" >Sp\u00e9cial Saint-Valentin : les lieux les plus romantiques<\/a><\/h2>\n\n<div class=\"wp-block-post-date\"><time datetime=\"2026-01-26T10:30:18+00:00\">26 janvier 2026<\/time><\/div><\/div><\/div>\n\n<\/li><li class=\"wp-block-post post-2136 post type-post status-publish format-standard has-post-thumbnail hentry category-destination swiper-slide\">\n\n<div class=\"wp-block-cover has-custom-content-position is-position-bottom-left\" style=\"border-radius:16px\"><span aria-hidden=\"true\" class=\"wp-block-cover__background has-background-dim has-background-gradient has-bg-gradient-to-black-bottom-gradient-background\"><\/span><img loading=\"lazy\" decoding=\"async\" width=\"2560\" height=\"1705\" src=\"https:\/\/www.weekend-provence.fr\/app\/uploads\/2026\/01\/DJI_0360-scaled.webp\" class=\"wp-block-cover__image-background not-transparent wp-post-image\" alt=\"\" data-object-fit=\"cover\" srcset=\"https:\/\/www.weekend-provence.fr\/app\/uploads\/2026\/01\/DJI_0360-scaled.webp 2560w, https:\/\/www.weekend-provence.fr\/app\/uploads\/2026\/01\/DJI_0360-300x200.webp 300w, https:\/\/www.weekend-provence.fr\/app\/uploads\/2026\/01\/DJI_0360-1024x682.webp 1024w, https:\/\/www.weekend-provence.fr\/app\/uploads\/2026\/01\/DJI_0360-768x512.webp 768w, https:\/\/www.weekend-provence.fr\/app\/uploads\/2026\/01\/DJI_0360-1536x1023.webp 1536w, https:\/\/www.weekend-provence.fr\/app\/uploads\/2026\/01\/DJI_0360-2048x1364.webp 2048w\" sizes=\"auto, (max-width: 2560px) 100vw, 2560px\" data-has-transparency=\"false\" data-dominant-color=\"688f9e\" style=\"--dominant-color: #688f9e;\" \/><div class=\"wp-block-cover__inner-container is-layout-constrained wp-block-cover-is-layout-constrained\"><h2 class=\"wp-block-post-title\"><a href=\"https:\/\/www.weekend-provence.fr\/fr\/les-meilleures-randonnees-a-decouvrir-en-hiver\" target=\"_self\" >Les meilleures randonn\u00e9es \u00e0 d\u00e9couvrir en hiver<\/a><\/h2>\n\n<div class=\"wp-block-post-date\"><time datetime=\"2026-01-06T09:15:52+00:00\">6 janvier 2026<\/time><\/div><\/div><\/div>\n\n<\/li><li class=\"wp-block-post post-2047 post type-post status-publish format-standard has-post-thumbnail hentry category-saison category-sejours category-week-end swiper-slide\">\n\n<div class=\"wp-block-cover has-custom-content-position is-position-bottom-left\" style=\"border-radius:16px\"><span aria-hidden=\"true\" class=\"wp-block-cover__background has-background-dim has-background-gradient has-bg-gradient-to-black-bottom-gradient-background\"><\/span><img loading=\"lazy\" decoding=\"async\" width=\"2560\" height=\"1707\" src=\"https:\/\/www.weekend-provence.fr\/app\/uploads\/2025\/11\/pexels-george-dolgikh-551816-1303088-scaled-e1764059149887.webp\" class=\"wp-block-cover__image-background not-transparent wp-post-image\" alt=\"\" data-object-fit=\"cover\" data-has-transparency=\"false\" data-dominant-color=\"714c36\" style=\"--dominant-color: #714c36;\" \/><div class=\"wp-block-cover__inner-container is-layout-constrained wp-block-cover-is-layout-constrained\"><h2 class=\"wp-block-post-title\"><a href=\"https:\/\/www.weekend-provence.fr\/fr\/bons-cadeaux-a-offrir-a-noel\" target=\"_self\" >Bons cadeaux \u00e0 offrir \u00e0 No\u00ebl<\/a><\/h2>\n\n<div class=\"wp-block-post-date\"><time datetime=\"2025-11-25T08:45:56+00:00\">25 novembre 2025<\/time><\/div><\/div><\/div>\n\n<\/li><li class=\"wp-block-post post-1781 post type-post status-publish format-standard has-post-thumbnail hentry category-destination category-entre-amis category-saison category-sejours category-tous-les-articles swiper-slide\">\n\n<div class=\"wp-block-cover has-custom-content-position is-position-bottom-left\" style=\"border-radius:16px\"><span aria-hidden=\"true\" class=\"wp-block-cover__background has-background-dim has-background-gradient has-bg-gradient-to-black-bottom-gradient-background\"><\/span><img loading=\"lazy\" decoding=\"async\" width=\"1120\" height=\"1067\" src=\"https:\/\/www.weekend-provence.fr\/app\/uploads\/2025\/10\/les-voiles-de-saint-tropez_7217773_6-e1759478350559.webp\" class=\"wp-block-cover__image-background not-transparent wp-post-image\" alt=\"\" data-object-fit=\"cover\" srcset=\"https:\/\/www.weekend-provence.fr\/app\/uploads\/2025\/10\/les-voiles-de-saint-tropez_7217773_6-e1759478350559.webp 1120w, https:\/\/www.weekend-provence.fr\/app\/uploads\/2025\/10\/les-voiles-de-saint-tropez_7217773_6-e1759478350559-300x286.webp 300w, https:\/\/www.weekend-provence.fr\/app\/uploads\/2025\/10\/les-voiles-de-saint-tropez_7217773_6-e1759478350559-1024x976.webp 1024w, https:\/\/www.weekend-provence.fr\/app\/uploads\/2025\/10\/les-voiles-de-saint-tropez_7217773_6-e1759478350559-768x732.webp 768w\" sizes=\"auto, (max-width: 1120px) 100vw, 1120px\" data-has-transparency=\"false\" data-dominant-color=\"abaaaf\" style=\"--dominant-color: #abaaaf;\" \/><div class=\"wp-block-cover__inner-container is-layout-constrained wp-block-cover-is-layout-constrained\"><h2 class=\"wp-block-post-title\"><a href=\"https:\/\/www.weekend-provence.fr\/fr\/bien-preparer-votre-escapade-en-provence-les-incontournables-doctobre\" target=\"_self\" >Bien pr\u00e9parer votre escapade en Provence : les incontournables d\u2019octobre<\/a><\/h2>\n\n<div class=\"wp-block-post-date\"><time datetime=\"2025-10-03T08:31:48+00:00\">3 octobre 2025<\/time><\/div><\/div><\/div>\n\n<\/li><li class=\"wp-block-post post-1683 post type-post status-publish format-standard has-post-thumbnail hentry category-destination category-en-couple category-entre-amis category-saison category-tous-les-articles swiper-slide\">\n\n<div class=\"wp-block-cover has-custom-content-position is-position-bottom-left\" style=\"border-radius:16px\"><span aria-hidden=\"true\" class=\"wp-block-cover__background has-background-dim has-background-gradient has-bg-gradient-to-black-bottom-gradient-background\"><\/span><img loading=\"lazy\" decoding=\"async\" width=\"2560\" height=\"1922\" src=\"https:\/\/www.weekend-provence.fr\/app\/uploads\/2025\/09\/pexels-david-sotto-1346078053-28304430-scaled.webp\" class=\"wp-block-cover__image-background not-transparent wp-post-image\" alt=\"\" data-object-fit=\"cover\" srcset=\"https:\/\/www.weekend-provence.fr\/app\/uploads\/2025\/09\/pexels-david-sotto-1346078053-28304430-scaled.webp 2560w, https:\/\/www.weekend-provence.fr\/app\/uploads\/2025\/09\/pexels-david-sotto-1346078053-28304430-300x225.webp 300w, https:\/\/www.weekend-provence.fr\/app\/uploads\/2025\/09\/pexels-david-sotto-1346078053-28304430-1024x769.webp 1024w, https:\/\/www.weekend-provence.fr\/app\/uploads\/2025\/09\/pexels-david-sotto-1346078053-28304430-768x577.webp 768w, https:\/\/www.weekend-provence.fr\/app\/uploads\/2025\/09\/pexels-david-sotto-1346078053-28304430-1536x1153.webp 1536w, https:\/\/www.weekend-provence.fr\/app\/uploads\/2025\/09\/pexels-david-sotto-1346078053-28304430-2048x1538.webp 2048w\" sizes=\"auto, (max-width: 2560px) 100vw, 2560px\" data-has-transparency=\"false\" data-dominant-color=\"827c61\" style=\"--dominant-color: #827c61;\" \/><div class=\"wp-block-cover__inner-container is-layout-constrained wp-block-cover-is-layout-constrained\"><h2 class=\"wp-block-post-title\"><a href=\"https:\/\/www.weekend-provence.fr\/fr\/les-vendanges-en-provence-decouvrez-loenotourisme-en-septembre\" target=\"_self\" >Les vendanges en Provence : d\u00e9couvrez l\u2019\u0153notourisme en septembre<\/a><\/h2>\n\n<div class=\"wp-block-post-date\"><time datetime=\"2025-09-02T09:54:33+00:00\">2 septembre 2025<\/time><\/div><\/div><\/div>\n\n<\/li><li class=\"wp-block-post post-1638 post type-post status-publish format-standard has-post-thumbnail hentry category-destination category-en-couple category-week-end category-tous-les-articles swiper-slide\">\n\n<div class=\"wp-block-cover has-custom-content-position is-position-bottom-left\" style=\"border-radius:16px\"><span aria-hidden=\"true\" class=\"wp-block-cover__background has-background-dim has-background-gradient has-bg-gradient-to-black-bottom-gradient-background\"><\/span><img loading=\"lazy\" decoding=\"async\" width=\"1800\" height=\"1201\" src=\"https:\/\/www.weekend-provence.fr\/app\/uploads\/2025\/08\/ECA8030-jpg-e1754471241705.webp\" class=\"wp-block-cover__image-background not-transparent wp-post-image\" alt=\"\" data-object-fit=\"cover\" data-has-transparency=\"false\" data-dominant-color=\"a3bbbc\" style=\"--dominant-color: #a3bbbc;\" \/><div class=\"wp-block-cover__inner-container is-layout-constrained wp-block-cover-is-layout-constrained\"><h2 class=\"wp-block-post-title\"><a href=\"https:\/\/www.weekend-provence.fr\/fr\/top-des-plus-belles-baignades\" target=\"_self\" >Top des plus belles baignades<\/a><\/h2>\n\n<div class=\"wp-block-post-date\"><time datetime=\"2025-08-06T09:07:43+00:00\">6 ao\u00fbt 2025<\/time><\/div><\/div><\/div>\n\n<\/li><li class=\"wp-block-post post-1568 post type-post status-publish format-standard has-post-thumbnail hentry category-destination category-entre-amis category-saison category-sejours category-tous-les-articles swiper-slide\">\n\n<div class=\"wp-block-cover has-custom-content-position is-position-bottom-left\" style=\"border-radius:16px\"><span aria-hidden=\"true\" class=\"wp-block-cover__background has-background-dim has-background-gradient has-bg-gradient-to-black-bottom-gradient-background\"><\/span><img loading=\"lazy\" decoding=\"async\" width=\"1454\" height=\"969\" src=\"https:\/\/www.weekend-provence.fr\/app\/uploads\/2025\/07\/unnamed.webp\" class=\"wp-block-cover__image-background not-transparent wp-post-image\" alt=\"\" data-object-fit=\"cover\" srcset=\"https:\/\/www.weekend-provence.fr\/app\/uploads\/2025\/07\/unnamed.webp 1454w, https:\/\/www.weekend-provence.fr\/app\/uploads\/2025\/07\/unnamed-300x200.webp 300w, https:\/\/www.weekend-provence.fr\/app\/uploads\/2025\/07\/unnamed-1024x682.webp 1024w, https:\/\/www.weekend-provence.fr\/app\/uploads\/2025\/07\/unnamed-768x512.webp 768w\" sizes=\"auto, (max-width: 1454px) 100vw, 1454px\" data-has-transparency=\"false\" data-dominant-color=\"7a6659\" style=\"--dominant-color: #7a6659;\" \/><div class=\"wp-block-cover__inner-container is-layout-constrained wp-block-cover-is-layout-constrained\"><h2 class=\"wp-block-post-title\"><a href=\"https:\/\/www.weekend-provence.fr\/fr\/les-festivals-dete-musique-arts-et-traditions-locales\" target=\"_self\" >Les festivals d\u2019\u00e9t\u00e9 : musique, arts et traditions locales<\/a><\/h2>\n\n<div class=\"wp-block-post-date\"><time datetime=\"2025-07-08T07:44:31+00:00\">8 juillet 2025<\/time><\/div><\/div><\/div>\n\n<\/li><li class=\"wp-block-post post-1488 post type-post status-publish format-standard has-post-thumbnail hentry category-tous-les-articles swiper-slide\">\n\n<div class=\"wp-block-cover has-custom-content-position is-position-bottom-left\" style=\"border-radius:16px\"><span aria-hidden=\"true\" class=\"wp-block-cover__background has-background-dim has-background-gradient has-bg-gradient-to-black-bottom-gradient-background\"><\/span><img loading=\"lazy\" decoding=\"async\" width=\"2560\" height=\"2560\" src=\"https:\/\/www.weekend-provence.fr\/app\/uploads\/2025\/06\/ECA7660-scaled.webp\" class=\"wp-block-cover__image-background not-transparent wp-post-image\" alt=\"\" data-object-fit=\"cover\" srcset=\"https:\/\/www.weekend-provence.fr\/app\/uploads\/2025\/06\/ECA7660-scaled.webp 2560w, https:\/\/www.weekend-provence.fr\/app\/uploads\/2025\/06\/ECA7660-300x300.webp 300w, https:\/\/www.weekend-provence.fr\/app\/uploads\/2025\/06\/ECA7660-1024x1024.webp 1024w, https:\/\/www.weekend-provence.fr\/app\/uploads\/2025\/06\/ECA7660-768x768.webp 768w, https:\/\/www.weekend-provence.fr\/app\/uploads\/2025\/06\/ECA7660-1536x1536.webp 1536w, https:\/\/www.weekend-provence.fr\/app\/uploads\/2025\/06\/ECA7660-2048x2048.webp 2048w, https:\/\/www.weekend-provence.fr\/app\/uploads\/2025\/06\/ECA7660-1280x1280.webp 1280w\" sizes=\"auto, (max-width: 2560px) 100vw, 2560px\" data-has-transparency=\"false\" data-dominant-color=\"868276\" style=\"--dominant-color: #868276;\" \/><div class=\"wp-block-cover__inner-container is-layout-constrained wp-block-cover-is-layout-constrained\"><h2 class=\"wp-block-post-title\"><a href=\"https:\/\/www.weekend-provence.fr\/fr\/les-hebergements-insolites-a-decouvrir-cet-ete\" target=\"_self\" >Les h\u00e9bergements insolites \u00e0 d\u00e9couvrir cet \u00e9t\u00e9<\/a><\/h2>\n\n<div class=\"wp-block-post-date\"><time datetime=\"2025-06-26T12:12:57+00:00\">26 juin 2025<\/time><\/div><\/div><\/div>\n\n<\/li><\/ul><\/div>\n<div class=\"swiper-prev-1863780921577424\"><div class=\"fa-4x h-full flex items-center absolute z-10 top-1\/2 -translate-x-1\/2 -translate-y-1\/2 left-0 right-auto cursor-pointer\">\n\t\t<span class=\"fa-layers fa-fw z-10\">\n\t\t\t<i class=\"fa-solid fa-circle text-white dark:text-black\"><\/i>\n\t\t\t<i class=\"fa-light fa-angle-left text-black dark:text-white\" data-fa-transform=\"shrink-6\"><\/i>\n\t\t<\/span>\n\t<\/div><\/div><div class=\"swiper-next-1863780921577424\"><div class=\"fa-4x h-full flex items-center absolute z-10 top-1\/2 translate-x-1\/2 -translate-y-1\/2 right-0 left-auto cursor-pointer\">\n\t\t<span class=\"fa-layers fa-fw z-10\">\n\t\t\t<i class=\"fa-solid fa-circle text-white dark:text-black\"><\/i>\n\t\t\t<i class=\"fa-light fa-angle-right text-black dark:text-white\" data-fa-transform=\"shrink-6\"><\/i>\n\t\t<\/span>\n\t<\/div><\/div><\/div><div class=\"fmz-slider-thumbs-container-1863780921577424 wp-block-fmz-slider alignfull\"><\/div>\n\t<script>\n\t\t\t\tnew Swiper('.fmz-slider-1863780921577424', {\n\t\t\t\n        \n        slidesPerView: 1,\n        spaceBetween: 20,\n        centeredSlides: false,\n        speed: 300,\n        loop: true,\n\t\t\t\tdirection: 'horizontal',\n\t\t\t\teffect: 'slide',\n        breakpoints:{ \n          576: { \n            slidesPerView: 2,\n            spaceBetween: 20,\n\t\t\t\t\t\tcenteredSlides: false,\n          }, \n          992: { \n            slidesPerView: 3,\n            spaceBetween: 20,\n\t\t\t\t\t\tcenteredSlides: false,\n          },\n          1200: {\n            slidesPerView: 3,\n            spaceBetween: 20,\n\t\t\t\t\t\tcenteredSlides: false,\n          },\n          1400: {\n            slidesPerView: 3,\n            spaceBetween: 20,\n\t\t\t\t\t\tcenteredSlides: false,\n          }\n        }\n      ,\n\t\t\t\t\t\t\tnavigation: { \n\t\t\t\t\tnextEl: '.swiper-next-1863780921577424', \n\t\t\t\t\tprevEl: '.swiper-prev-1863780921577424'\n\t\t\t\t},\n\t\t\t\t\t\t\t\t\ta11y: {\n\t\t\t\tenabled: true,\n\t\t\t\tprevSlideMessage: 'Previous slide',\n\t\t\t\tnextSlideMessage: 'Next slide',\n\t\t\t\tfirstSlideMessage: 'First slide',\n\t\t\t\tlastSlideMessage: 'Last slide',\n\t\t\t\tpaginationBulletMessage: 'Slide {{index}}',\n\t\t\t},\n\t\t\t\t\t\twatchSlidesProgress: true,\n\t\t\twatchOverflow: true\n\t\t} )\n\t<\/script>\n\t\n\t<\/div>\n","protected":false},"excerpt":{"rendered":"<p>Quand les journ\u00e9es raccourcissent et que les feuilles se parent de teintes dor\u00e9es, la Provence devient le refuge parfait pour s\u2019offrir une parenth\u00e8se de douceur. L\u2019automne invite \u00e0 ralentir, \u00e0 se recentrer et \u00e0 prendre soin de soi&#8230; Et quoi de mieux qu\u2019un s\u00e9jour bien-\u00eatre pour se ressourcer au c\u0153ur de paysages apaisants ? D\u00e9couvrez&#8230;<\/p>\n","protected":false},"author":2,"featured_media":1848,"comment_status":"open","ping_status":"open","sticky":false,"template":"","format":"standard","meta":{"_acf_changed":false,"_crdt_document":"","footnotes":""},"categories":[24,26,22,1],"tags":[],"class_list":["post-1836","post","type-post","status-publish","format-standard","has-post-thumbnail","hentry","category-entre-amis","category-saison","category-sejours","category-tous-les-articles"],"acf":[],"_links":{"self":[{"href":"https:\/\/www.weekend-provence.fr\/fr\/wp-json\/wp\/v2\/posts\/1836","targetHints":{"allow":["GET"]}}],"collection":[{"href":"https:\/\/www.weekend-provence.fr\/fr\/wp-json\/wp\/v2\/posts"}],"about":[{"href":"https:\/\/www.weekend-provence.fr\/fr\/wp-json\/wp\/v2\/types\/post"}],"author":[{"embeddable":true,"href":"https:\/\/www.weekend-provence.fr\/fr\/wp-json\/wp\/v2\/users\/2"}],"replies":[{"embeddable":true,"href":"https:\/\/www.weekend-provence.fr\/fr\/wp-json\/wp\/v2\/comments?post=1836"}],"version-history":[{"count":12,"href":"https:\/\/www.weekend-provence.fr\/fr\/wp-json\/wp\/v2\/posts\/1836\/revisions"}],"predecessor-version":[{"id":2000,"href":"https:\/\/www.weekend-provence.fr\/fr\/wp-json\/wp\/v2\/posts\/1836\/revisions\/2000"}],"wp:featuredmedia":[{"embeddable":true,"href":"https:\/\/www.weekend-provence.fr\/fr\/wp-json\/wp\/v2\/media\/1848"}],"wp:attachment":[{"href":"https:\/\/www.weekend-provence.fr\/fr\/wp-json\/wp\/v2\/media?parent=1836"}],"wp:term":[{"taxonomy":"category","embeddable":true,"href":"https:\/\/www.weekend-provence.fr\/fr\/wp-json\/wp\/v2\/categories?post=1836"},{"taxonomy":"post_tag","embeddable":true,"href":"https:\/\/www.weekend-provence.fr\/fr\/wp-json\/wp\/v2\/tags?post=1836"}],"curies":[{"name":"wp","href":"https:\/\/api.w.org\/{rel}","templated":true}]}}