{"id":2136,"date":"2026-01-06T09:15:52","date_gmt":"2026-01-06T09:15:52","guid":{"rendered":"https:\/\/www.weekend-provence.fr\/?p=2136"},"modified":"2026-01-06T09:20:28","modified_gmt":"2026-01-06T09:20:28","slug":"les-meilleures-randonnees-a-decouvrir-en-hiver","status":"publish","type":"post","link":"https:\/\/www.weekend-provence.fr\/fr\/les-meilleures-randonnees-a-decouvrir-en-hiver","title":{"rendered":"Les meilleures randonn\u00e9es \u00e0 d\u00e9couvrir en hiver"},"content":{"rendered":"\n<div class=\"wp-block-group is-layout-constrained wp-block-group-is-layout-constrained\">\n<p class=\"wp-block-paragraph\">En 2026, on troque (un peu) les \u00e9crans contre les sentiers : marcher plus souvent, se reconnecter \u00e0 la nature, et s\u2019offrir des week-ends qui font du bien. Bonne nouvelle : en hiver, les paysages prennent une autre dimension, l\u2019air est plus net, et les randos deviennent de vraies parenth\u00e8ses de calme\u2026<\/p>\n\n\n\n<h2 class=\"wp-block-heading\">Provence Verte &amp; Verdon : le \u201cpoumon vert\u201d du Var, parfait pour d\u00e9crocher en douceur<\/h2>\n\n\n\n<p class=\"wp-block-paragraph\">Ici, on vient chercher des villages proven\u00e7aux, une nature pr\u00e9serv\u00e9e et des itin\u00e9raires id\u00e9als pour s\u2019a\u00e9rer sans la foule du littoral. <a href=\"https:\/\/www.la-provence-verte.net\/activites\/randonnee-pedestre-la-roquebrussanne_49.html\" target=\"_blank\" rel=\"noreferrer noopener\"><\/a><\/p>\n\n\n\n<div class=\"wp-block-media-text is-stacked-on-mobile\"><figure class=\"wp-block-media-text__media\"><img data-dominant-color=\"6a867f\" data-has-transparency=\"false\" style=\"--dominant-color: #6a867f;\" loading=\"lazy\" decoding=\"async\" width=\"1024\" height=\"1024\" src=\"https:\/\/www.weekend-provence.fr\/app\/uploads\/2026\/01\/Design-sans-titre-97-1024x1024.webp\" alt=\"\" class=\"wp-image-2137 size-full not-transparent\" srcset=\"https:\/\/www.weekend-provence.fr\/app\/uploads\/2026\/01\/Design-sans-titre-97-1024x1024.webp 1024w, https:\/\/www.weekend-provence.fr\/app\/uploads\/2026\/01\/Design-sans-titre-97-300x300.webp 300w, https:\/\/www.weekend-provence.fr\/app\/uploads\/2026\/01\/Design-sans-titre-97-768x768.webp 768w, https:\/\/www.weekend-provence.fr\/app\/uploads\/2026\/01\/Design-sans-titre-97.webp 1200w\" sizes=\"auto, (max-width: 1024px) 100vw, 1024px\" \/><\/figure><div class=\"wp-block-media-text__content\">\n<div class=\"wp-block-group is-layout-constrained wp-block-group-is-layout-constrained\">\n<h3 class=\"wp-block-heading\">Des Moli\u00e8res vers les Orris \u2013 La Roquebrussanne <\/h3>\n\n\n\n<p class=\"wp-block-paragraph\">Une rando qui coche tout : fra\u00eecheur des sources, patrimoine religieux surprenant, pin\u00e8des et ch\u00eanaies\u2026 avec ce petit relief \u201cruiniforme\u201d qui donne un air d\u2019aventure au parcours. Comptez <strong>10 km \u2013 3h30 \u2013 +330 m \u2013 difficult\u00e9 moyen<\/strong>. <\/p>\n\n\n\n<div class=\"wp-block-buttons is-layout-flex wp-block-buttons-is-layout-flex\">\n<div class=\"wp-block-button\"><a class=\"wp-block-button__link wp-element-button\" href=\"https:\/\/www.la-provence-verte.net\/activites\/randonnee-pedestre-la-roquebrussanne_49.html\">d\u00e9couvrir<\/a><\/div>\n<\/div>\n<\/div>\n<\/div><\/div>\n\n\n\n<p class=\"has-text-align-center wp-block-paragraph\"><strong>Le bon combo week-end :<\/strong> \u00e0 deux pas, prolongez l\u2019escapade avec une nuit insolite en roulotte, ambiance boh\u00e8me romantique et nature \u00e0 perte de vue.<\/p>\n\n\n\n<div class=\"wp-block-buttons is-content-justification-center is-layout-flex wp-container-core-buttons-is-layout-9b3e53d3 wp-block-buttons-is-layout-flex\">\n<div class=\"wp-block-button\"><a class=\"wp-block-button__link has-text-align-center wp-element-button\" href=\"https:\/\/www.weekend-provence.fr\/fr\/weekends\/amour-boheme-en-roulotte-5214093\">d\u00e9couvrir le s\u00e9jour<\/a><\/div>\n<\/div>\n\n\n\n<div class=\"wp-block-media-text has-media-on-the-right is-stacked-on-mobile\"><div class=\"wp-block-media-text__content\">\n<div class=\"wp-block-group is-layout-constrained wp-block-group-is-layout-constrained\">\n<h3 class=\"wp-block-heading\">Au fil de l\u2019eau \u2013 Varages<\/h3>\n\n\n\n<p class=\"wp-block-paragraph\">Une balade \u201cdoudou\u201d qui suit le fil de l\u2019eau jusqu\u2019\u00e0 la <strong>chapelle Saint-Pothin<\/strong> et sa vue panoramique, avec des panneaux ludiques sur l\u2019histoire du village\u2026 et m\u00eame l\u2019astronomie. <strong>4,5 km \u2013 2h15 \u2013 +200 m \u2013 difficult\u00e9 facile<\/strong><\/p>\n\n\n\n<div class=\"wp-block-buttons is-layout-flex wp-block-buttons-is-layout-flex\">\n<div class=\"wp-block-button\"><a class=\"wp-block-button__link wp-element-button\" href=\"https:\/\/www.la-provence-verte.net\/activites\/randonnee-pedestre-varages_85.html\">d\u00e9couvrir<\/a><\/div>\n<\/div>\n<\/div>\n<\/div><figure class=\"wp-block-media-text__media\"><img data-dominant-color=\"6b675a\" data-has-transparency=\"false\" style=\"--dominant-color: #6b675a;\" loading=\"lazy\" decoding=\"async\" width=\"1024\" height=\"1024\" src=\"https:\/\/www.weekend-provence.fr\/app\/uploads\/2026\/01\/Design-sans-titre-98-1024x1024.webp\" alt=\"\" class=\"wp-image-2139 size-full not-transparent\" srcset=\"https:\/\/www.weekend-provence.fr\/app\/uploads\/2026\/01\/Design-sans-titre-98-1024x1024.webp 1024w, https:\/\/www.weekend-provence.fr\/app\/uploads\/2026\/01\/Design-sans-titre-98-300x300.webp 300w, https:\/\/www.weekend-provence.fr\/app\/uploads\/2026\/01\/Design-sans-titre-98-768x768.webp 768w, https:\/\/www.weekend-provence.fr\/app\/uploads\/2026\/01\/Design-sans-titre-98.webp 1200w\" sizes=\"auto, (max-width: 1024px) 100vw, 1024px\" \/><\/figure><\/div>\n\n\n\n<p class=\"has-text-align-center wp-block-paragraph\"><strong>Le bon combo week-end :<\/strong> parfait \u00e0 associer \u00e0 une parenth\u00e8se \u201ct\u00eate dans les \u00e9toiles\u201d (litt\u00e9ralement) dans une maison d\u2019h\u00f4tes nature \u00e0 Varages, pens\u00e9e pour une escapade \u00e0 deux.<\/p>\n\n\n\n<div class=\"wp-block-buttons is-content-justification-center is-layout-flex wp-container-core-buttons-is-layout-9b3e53d3 wp-block-buttons-is-layout-flex\">\n<div class=\"wp-block-button\"><a class=\"wp-block-button__link has-text-align-center wp-element-button\" href=\"https:\/\/www.weekend-provence.fr\/fr\/weekends\/le-coeur-dans-les-etoiles-5263924\">d\u00e9couvrir le s\u00e9jour<\/a><\/div>\n<\/div>\n\n\n\n<h2 class=\"wp-block-heading\">Est\u00e9rel C\u00f4te d\u2019Azur : roches rouges, mer turquoise\u2026 et randos qui r\u00e9veillent les sens<\/h2>\n\n\n\n<p class=\"wp-block-paragraph\">En hiver, l\u2019Est\u00e9rel est magique : les couleurs sont encore plus contrast\u00e9es, la lumi\u00e8re est plus douce, et les panoramas mer\/montagne donnent l\u2019impression de changer de d\u00e9cor en quelques pas. <a href=\"https:\/\/circuits.esterel-cotedazur.com\/itineraire\/randonnee-les-balcons-du-cap-roux-esterel\/\" target=\"_blank\" rel=\"noreferrer noopener\"><\/a><\/p>\n\n\n\n<div class=\"wp-block-media-text is-stacked-on-mobile\"><figure class=\"wp-block-media-text__media\"><img data-dominant-color=\"61776a\" data-has-transparency=\"false\" style=\"--dominant-color: #61776a;\" loading=\"lazy\" decoding=\"async\" width=\"1024\" height=\"1024\" src=\"https:\/\/www.weekend-provence.fr\/app\/uploads\/2026\/01\/3-1024x1024.webp\" alt=\"\" class=\"wp-image-2140 size-full not-transparent\" srcset=\"https:\/\/www.weekend-provence.fr\/app\/uploads\/2026\/01\/3-1024x1024.webp 1024w, https:\/\/www.weekend-provence.fr\/app\/uploads\/2026\/01\/3-300x300.webp 300w, https:\/\/www.weekend-provence.fr\/app\/uploads\/2026\/01\/3-768x768.webp 768w, https:\/\/www.weekend-provence.fr\/app\/uploads\/2026\/01\/3.webp 1200w\" sizes=\"auto, (max-width: 1024px) 100vw, 1024px\" \/><\/figure><div class=\"wp-block-media-text__content\">\n<div class=\"wp-block-group is-layout-constrained wp-block-group-is-layout-constrained\">\n<h3 class=\"wp-block-heading\">Circuit des 3 lacs \u2013 Puget-sur-Argens<\/h3>\n\n\n\n<p class=\"wp-block-paragraph\">Une boucle tr\u00e8s agr\u00e9able en for\u00eat, au c\u0153ur du <strong>bois du D\u00e9fens<\/strong>, pour d\u00e9couvrir <strong>trois petits lacs<\/strong> nich\u00e9s dans les affleurements rocheux du massif volcanique de la Colle du Rouet. <strong>6 km \u2013 2h30 \u2013 +77 m<\/strong> : parfait pour tenir la r\u00e9solution \u201cmarcher plus\u201d sans se mettre dans le rouge.<\/p>\n\n\n\n<div class=\"wp-block-buttons is-layout-flex wp-block-buttons-is-layout-flex\">\n<div class=\"wp-block-button\"><a class=\"wp-block-button__link wp-element-button\" href=\"https:\/\/circuits.esterel-cotedazur.com\/itineraire\/randonnee-circuit-des-3-lacs\/\">d\u00e9couvrir<\/a><\/div>\n<\/div>\n<\/div>\n<\/div><\/div>\n\n\n\n<div class=\"wp-block-media-text has-media-on-the-right is-stacked-on-mobile\"><div class=\"wp-block-media-text__content\">\n<div class=\"wp-block-group is-layout-constrained wp-block-group-is-layout-constrained\">\n<h3 class=\"wp-block-heading\">Boucle du Barrage de Malpasset \u2013 Fr\u00e9jus<\/h3>\n\n\n\n<p class=\"wp-block-paragraph\">Une randonn\u00e9e marquante, \u00e0 la fois nature et m\u00e9moire : vous partez \u00e0 la d\u00e9couverte du <strong>barrage de Malpasset<\/strong>, associ\u00e9 \u00e0 la rupture du <strong>2 d\u00e9cembre 1959<\/strong>, l\u2019une des grandes catastrophes civiles fran\u00e7aises du XXe si\u00e8cle. <strong>4,45 km \u2013 1h45 \u2013 +140 m \u2013 niveau moyen<\/strong>.<\/p>\n\n\n\n<div class=\"wp-block-buttons is-layout-flex wp-block-buttons-is-layout-flex\">\n<div class=\"wp-block-button\"><a class=\"wp-block-button__link wp-element-button\" href=\"https:\/\/circuits.esterel-cotedazur.com\/itineraire\/randonnee-boucle-du-barrage-de-malpasset\/\">d\u00e9couvrir<\/a><\/div>\n<\/div>\n<\/div>\n<\/div><figure class=\"wp-block-media-text__media\"><img data-dominant-color=\"727669\" data-has-transparency=\"false\" style=\"--dominant-color: #727669;\" loading=\"lazy\" decoding=\"async\" width=\"1200\" height=\"1200\" src=\"https:\/\/www.weekend-provence.fr\/app\/uploads\/2026\/01\/4-1024x1024.webp\" alt=\"\" class=\"wp-image-2141 size-full not-transparent\" srcset=\"https:\/\/www.weekend-provence.fr\/app\/uploads\/2026\/01\/4-1024x1024.webp 1024w, https:\/\/www.weekend-provence.fr\/app\/uploads\/2026\/01\/4-300x300.webp 300w, https:\/\/www.weekend-provence.fr\/app\/uploads\/2026\/01\/4-768x768.webp 768w, https:\/\/www.weekend-provence.fr\/app\/uploads\/2026\/01\/4.webp 1200w\" sizes=\"auto, (max-width: 1200px) 100vw, 1200px\" \/><\/figure><\/div>\n\n\n\n<div class=\"wp-block-media-text is-stacked-on-mobile\"><figure class=\"wp-block-media-text__media\"><img data-dominant-color=\"908177\" data-has-transparency=\"false\" style=\"--dominant-color: #908177;\" loading=\"lazy\" decoding=\"async\" width=\"1024\" height=\"1024\" src=\"https:\/\/www.weekend-provence.fr\/app\/uploads\/2026\/01\/5-1024x1024.webp\" alt=\"\" class=\"wp-image-2142 size-full not-transparent\" srcset=\"https:\/\/www.weekend-provence.fr\/app\/uploads\/2026\/01\/5-1024x1024.webp 1024w, https:\/\/www.weekend-provence.fr\/app\/uploads\/2026\/01\/5-300x300.webp 300w, https:\/\/www.weekend-provence.fr\/app\/uploads\/2026\/01\/5-768x768.webp 768w, https:\/\/www.weekend-provence.fr\/app\/uploads\/2026\/01\/5.webp 1200w\" sizes=\"auto, (max-width: 1024px) 100vw, 1024px\" \/><\/figure><div class=\"wp-block-media-text__content\">\n<div class=\"wp-block-group is-layout-constrained wp-block-group-is-layout-constrained\">\n<h3 class=\"wp-block-heading\">Les balcons du Cap Roux \u2013 Saint-Rapha\u00ebl<\/h3>\n\n\n\n<p class=\"wp-block-paragraph\">La rando \u201cwaouh\u201d de l\u2019hiver : un massif qui plonge dans la M\u00e9diterran\u00e9e, <strong>roches rouges et eau turquoise<\/strong>, puis une mont\u00e9e qui r\u00e9compense avec une <strong>table d\u2019orientation<\/strong> et une vue spectaculaire (et la possibilit\u00e9 d\u2019un d\u00e9tour vers la <strong>grotte de Saint-Honorat<\/strong>). <strong>10,3 km \u2013 4h30 \u2013 +531 m \u2013 difficile<\/strong>. <a href=\"https:\/\/circuits.esterel-cotedazur.com\/itineraire\/randonnee-les-balcons-du-cap-roux-esterel\/\" target=\"_blank\" rel=\"noreferrer noopener\"><\/a><\/p>\n\n\n\n<div class=\"wp-block-buttons is-layout-flex wp-block-buttons-is-layout-flex\">\n<div class=\"wp-block-button\"><a class=\"wp-block-button__link wp-element-button\" href=\"https:\/\/circuits.esterel-cotedazur.com\/itineraire\/randonnee-les-balcons-du-cap-roux-esterel\/\">d\u00e9couvrir<\/a><\/div>\n<\/div>\n<\/div>\n<\/div><\/div>\n\n\n\n<p class=\"has-text-align-center wp-block-paragraph\">Envie de continuer votre r\u00e9solution 2026 toute l\u2019ann\u00e9e ? Retrouvez <strong>toutes nos randonn\u00e9es<\/strong> (mais aussi nos <strong>circuits VTT, v\u00e9lo de route et trail<\/strong>) sur le site \u201cCircuits Est\u00e9rel C\u00f4te d\u2019Azur\u201d : des itin\u00e9raires officiels, class\u00e9s par pratique et par niveau, pour choisir votre prochaine sortie en 2 minutes. <\/p>\n\n\n\n<div class=\"wp-block-buttons is-content-justification-center is-layout-flex wp-container-core-buttons-is-layout-9b3e53d3 wp-block-buttons-is-layout-flex\">\n<div class=\"wp-block-button\"><a class=\"wp-block-button__link wp-element-button\" href=\"https:\/\/circuits.esterel-cotedazur.com\/\">d\u00e9couvrir<\/a><\/div>\n<\/div>\n\n\n\n<p class=\"has-text-align-center wp-block-paragraph\">En janvier, le meilleur plan, c\u2019est souvent le plus simple : une bonne paire de chaussures, une veste, une gourde\u2026 et un sentier qui vous attend. Que vous soyez \u201cbalade douce\u201d en Provence Verte &amp; Verdon ou \u201cgrand spectacle\u201d dans l\u2019Est\u00e9rel, une chose est s\u00fbre : <strong>marcher plus<\/strong> en 2026, \u00e7a commence par une premi\u00e8re rando.<\/p>\n\n\n\n<p class=\"has-text-align-center wp-block-paragraph\"><em>Petit rappel pratique hiver : en Est\u00e9rel C\u00f4te d\u2019Azur, de <strong>septembre \u00e0 mars<\/strong>, des battues peuvent avoir lieu dans les massifs \u2014 restez attentifs aux panneaux et privil\u00e9giez des v\u00eatements visibles.<\/em><\/p>\n\n\n\n<div class=\"wp-block-buttons is-content-justification-center is-layout-flex wp-container-core-buttons-is-layout-9b3e53d3 wp-block-buttons-is-layout-flex\">\n<div class=\"wp-block-button\"><a class=\"wp-block-button__link wp-element-button\" href=\"https:\/\/www.weekend-provence.fr\/fr\">d\u00e9couvrez tous nos s\u00e9jours<\/a><\/div>\n<\/div>\n<\/div>\n","protected":false},"excerpt":{"rendered":"<p>En 2026, on troque (un peu) les \u00e9crans contre les sentiers : marcher plus souvent, se reconnecter \u00e0 la nature, et s\u2019offrir des week-ends qui font du bien. Bonne nouvelle : en hiver, les paysages prennent une autre dimension, l\u2019air est plus net, et les randos deviennent de vraies parenth\u00e8ses de calme\u2026 Provence Verte &amp;&#8230;<\/p>\n","protected":false},"author":2,"featured_media":2143,"comment_status":"open","ping_status":"open","sticky":false,"template":"","format":"standard","meta":{"_acf_changed":false,"_crdt_document":"","footnotes":""},"categories":[27],"tags":[],"class_list":["post-2136","post","type-post","status-publish","format-standard","has-post-thumbnail","hentry","category-destination"],"acf":[],"_links":{"self":[{"href":"https:\/\/www.weekend-provence.fr\/fr\/wp-json\/wp\/v2\/posts\/2136","targetHints":{"allow":["GET"]}}],"collection":[{"href":"https:\/\/www.weekend-provence.fr\/fr\/wp-json\/wp\/v2\/posts"}],"about":[{"href":"https:\/\/www.weekend-provence.fr\/fr\/wp-json\/wp\/v2\/types\/post"}],"author":[{"embeddable":true,"href":"https:\/\/www.weekend-provence.fr\/fr\/wp-json\/wp\/v2\/users\/2"}],"replies":[{"embeddable":true,"href":"https:\/\/www.weekend-provence.fr\/fr\/wp-json\/wp\/v2\/comments?post=2136"}],"version-history":[{"count":5,"href":"https:\/\/www.weekend-provence.fr\/fr\/wp-json\/wp\/v2\/posts\/2136\/revisions"}],"predecessor-version":[{"id":2149,"href":"https:\/\/www.weekend-provence.fr\/fr\/wp-json\/wp\/v2\/posts\/2136\/revisions\/2149"}],"wp:featuredmedia":[{"embeddable":true,"href":"https:\/\/www.weekend-provence.fr\/fr\/wp-json\/wp\/v2\/media\/2143"}],"wp:attachment":[{"href":"https:\/\/www.weekend-provence.fr\/fr\/wp-json\/wp\/v2\/media?parent=2136"}],"wp:term":[{"taxonomy":"category","embeddable":true,"href":"https:\/\/www.weekend-provence.fr\/fr\/wp-json\/wp\/v2\/categories?post=2136"},{"taxonomy":"post_tag","embeddable":true,"href":"https:\/\/www.weekend-provence.fr\/fr\/wp-json\/wp\/v2\/tags?post=2136"}],"curies":[{"name":"wp","href":"https:\/\/api.w.org\/{rel}","templated":true}]}}