{"id":2182,"date":"2026-01-26T10:30:18","date_gmt":"2026-01-26T10:30:18","guid":{"rendered":"https:\/\/www.weekend-provence.fr\/?p=2182"},"modified":"2026-01-26T12:37:06","modified_gmt":"2026-01-26T12:37:06","slug":"special-saint-valentin-les-lieux-les-plus-romantiques","status":"publish","type":"post","link":"https:\/\/www.weekend-provence.fr\/fr\/special-saint-valentin-les-lieux-les-plus-romantiques","title":{"rendered":"Sp\u00e9cial Saint-Valentin : les lieux les plus romantiques"},"content":{"rendered":"\n<div class=\"wp-block-group is-layout-constrained wp-block-group-is-layout-constrained\">\n<div class=\"wp-block-group is-layout-constrained wp-block-group-is-layout-constrained\">\n<p class=\"wp-block-paragraph\">Envie de vous \u00e9vader \u00e0 deux pour la Saint-Valentin ? Panoramas sur la M\u00e9diterran\u00e9e, villages de charme et couchers de soleil inoubliables : nos destinations offrent le d\u00e9cor parfait pour une parenth\u00e8se romantique. D\u00e9couvrez nos lieux coup de c\u0153ur ainsi que des id\u00e9es de s\u00e9jours sp\u00e9cialement pens\u00e9s pour les amoureux.<\/p>\n\n\n\n<h2 class=\"wp-block-heading\">Est\u00e9rel C\u00f4te d&rsquo;Azur : romance dans les roches rouges <\/h2>\n\n\n\n<h3 class=\"wp-block-heading\">Les lieux les plus romantiques \u00e0 d\u00e9couvrir<\/h3>\n\n\n\n<div class=\"wp-block-media-text is-stacked-on-mobile\"><figure class=\"wp-block-media-text__media\"><img data-dominant-color=\"7b827e\" data-has-transparency=\"false\" style=\"--dominant-color: #7b827e;\" loading=\"lazy\" decoding=\"async\" width=\"1024\" height=\"1024\" src=\"https:\/\/www.weekend-provence.fr\/app\/uploads\/2026\/01\/2-1024x1024.webp\" alt=\"\" class=\"wp-image-2183 size-full not-transparent\" srcset=\"https:\/\/www.weekend-provence.fr\/app\/uploads\/2026\/01\/2-1024x1024.webp 1024w, https:\/\/www.weekend-provence.fr\/app\/uploads\/2026\/01\/2-300x300.webp 300w, https:\/\/www.weekend-provence.fr\/app\/uploads\/2026\/01\/2-768x768.webp 768w, https:\/\/www.weekend-provence.fr\/app\/uploads\/2026\/01\/2.webp 1200w\" sizes=\"auto, (max-width: 1024px) 100vw, 1024px\" \/><\/figure><div class=\"wp-block-media-text__content\">\n<div class=\"wp-block-group is-layout-constrained wp-block-group-is-layout-constrained\">\n<h3 class=\"wp-block-heading\">La gloriette du trayas<\/h3>\n\n\n\n<p class=\"wp-block-paragraph\">un petit kiosque secret avec une <strong>vue panoramique<\/strong> sur le Trayas et la M\u00e9diterran\u00e9e, parfait pour un moment suspendu.<\/p>\n<\/div>\n<\/div><\/div>\n\n\n\n<div class=\"wp-block-media-text has-media-on-the-right is-stacked-on-mobile\"><div class=\"wp-block-media-text__content\">\n<div class=\"wp-block-group is-layout-constrained wp-block-group-is-layout-constrained\">\n<h3 class=\"wp-block-heading\">Le D\u00f4me des amoureux<\/h3>\n\n\n\n<p class=\"wp-block-paragraph\">Visible depuis la plage de la Pescade \u00e0 Boulouris \u00e0 Saint-Rapha\u00ebl, ce d\u00f4me (propri\u00e9t\u00e9 priv\u00e9e) donne une atmosph\u00e8re <strong>cin\u00e9matographique<\/strong> et ultra romantique.<\/p>\n<\/div>\n<\/div><figure class=\"wp-block-media-text__media\"><img data-dominant-color=\"88929c\" data-has-transparency=\"false\" style=\"--dominant-color: #88929c;\" loading=\"lazy\" decoding=\"async\" width=\"1024\" height=\"1024\" src=\"https:\/\/www.weekend-provence.fr\/app\/uploads\/2026\/01\/1-1024x1024.webp\" alt=\"\" class=\"wp-image-2184 size-full not-transparent\" srcset=\"https:\/\/www.weekend-provence.fr\/app\/uploads\/2026\/01\/1-1024x1024.webp 1024w, https:\/\/www.weekend-provence.fr\/app\/uploads\/2026\/01\/1-300x300.webp 300w, https:\/\/www.weekend-provence.fr\/app\/uploads\/2026\/01\/1-768x768.webp 768w, https:\/\/www.weekend-provence.fr\/app\/uploads\/2026\/01\/1.webp 1200w\" sizes=\"auto, (max-width: 1024px) 100vw, 1024px\" \/><\/figure><\/div>\n\n\n\n<div class=\"wp-block-media-text is-stacked-on-mobile\"><figure class=\"wp-block-media-text__media\"><img data-dominant-color=\"899689\" data-has-transparency=\"false\" style=\"--dominant-color: #899689;\" loading=\"lazy\" decoding=\"async\" width=\"1024\" height=\"1024\" src=\"https:\/\/www.weekend-provence.fr\/app\/uploads\/2026\/01\/3-1-1024x1024.webp\" alt=\"\" class=\"wp-image-2185 size-full not-transparent\" srcset=\"https:\/\/www.weekend-provence.fr\/app\/uploads\/2026\/01\/3-1-1024x1024.webp 1024w, https:\/\/www.weekend-provence.fr\/app\/uploads\/2026\/01\/3-1-300x300.webp 300w, https:\/\/www.weekend-provence.fr\/app\/uploads\/2026\/01\/3-1-768x768.webp 768w, https:\/\/www.weekend-provence.fr\/app\/uploads\/2026\/01\/3-1.webp 1200w\" sizes=\"auto, (max-width: 1024px) 100vw, 1024px\" \/><\/figure><div class=\"wp-block-media-text__content\">\n<div class=\"wp-block-group is-layout-constrained wp-block-group-is-layout-constrained\">\n<h3 class=\"wp-block-heading\">La passerelle des Etangs de Villepey<\/h3>\n\n\n\n<p class=\"wp-block-paragraph\">Une balade paisible au c\u0153ur des \u00e9tangs de Villepey \u00e0 Fr\u00e9jus, id\u00e9ale pour <strong>observer les oiseaux<\/strong> et se retrouver au calme.<\/p>\n<\/div>\n<\/div><\/div>\n\n\n\n<h3 class=\"wp-block-heading\">Nos s\u00e9jours sp\u00e9cial Saint-Valentin en Est\u00e9rel C\u00f4te d&rsquo;Azur<\/h3>\n\n\n\n<ul class=\"wp-block-list\">\n<li><a href=\"https:\/\/www.weekend-provence.fr\/fr\/weekends\/saint-valentin-musicale-au-casino-6789589\" data-type=\"link\" data-id=\"https:\/\/www.weekend-provence.fr\/fr\/weekends\/saint-valentin-musicale-au-casino-6789589\" target=\"_blank\" rel=\"noreferrer noopener\"><strong>Saint-Valentin musicale au Casino<\/strong><\/a><\/li>\n\n\n\n<li><strong><a href=\"https:\/\/www.weekend-provence.fr\/fr\/weekends\/saint-valentin-sur-la-marina-5430006\" target=\"_blank\" rel=\"noreferrer noopener\">Saint-Valentin sur la Marina<\/a><\/strong><\/li>\n<\/ul>\n\n\n\n<h2 class=\"wp-block-heading\">Golfe de Saint-Tropez : glamour, villages iconiques et couchers de soleil<\/h2>\n\n\n\n<h3 class=\"wp-block-heading\">Les lieux les plus romantiques<\/h3>\n\n\n\n<div class=\"wp-block-media-text is-stacked-on-mobile\"><figure class=\"wp-block-media-text__media\"><img data-dominant-color=\"82a1a8\" data-has-transparency=\"false\" style=\"--dominant-color: #82a1a8;\" loading=\"lazy\" decoding=\"async\" width=\"1024\" height=\"1024\" src=\"https:\/\/www.weekend-provence.fr\/app\/uploads\/2026\/01\/1-1-1024x1024.webp\" alt=\"\" class=\"wp-image-2186 size-full not-transparent\" srcset=\"https:\/\/www.weekend-provence.fr\/app\/uploads\/2026\/01\/1-1-1024x1024.webp 1024w, https:\/\/www.weekend-provence.fr\/app\/uploads\/2026\/01\/1-1-300x300.webp 300w, https:\/\/www.weekend-provence.fr\/app\/uploads\/2026\/01\/1-1-768x768.webp 768w, https:\/\/www.weekend-provence.fr\/app\/uploads\/2026\/01\/1-1.webp 1200w\" sizes=\"auto, (max-width: 1024px) 100vw, 1024px\" \/><\/figure><div class=\"wp-block-media-text__content\">\n<div class=\"wp-block-group is-layout-constrained wp-block-group-is-layout-constrained\">\n<h3 class=\"wp-block-heading\">Port-Grimaud<\/h3>\n\n\n\n<p class=\"wp-block-paragraph\">La \u201cVenise proven\u00e7ale\u201d, parfaite pour fl\u00e2ner main dans la main au bord des canaux.<\/p>\n<\/div>\n<\/div><\/div>\n\n\n\n<div class=\"wp-block-media-text has-media-on-the-right is-stacked-on-mobile\"><div class=\"wp-block-media-text__content\">\n<div class=\"wp-block-group is-layout-constrained wp-block-group-is-layout-constrained\">\n<h3 class=\"wp-block-heading\">Saint-Tropez<\/h3>\n\n\n\n<p class=\"wp-block-paragraph\">Petit village rempli d&rsquo;histoire, ruelles, port mythique et ambiance chic\u2026 un d\u00e9cor parfait pour une escapade inoubliable.<\/p>\n<\/div>\n<\/div><figure class=\"wp-block-media-text__media\"><img data-dominant-color=\"77a4b0\" data-has-transparency=\"false\" style=\"--dominant-color: #77a4b0;\" loading=\"lazy\" decoding=\"async\" width=\"1024\" height=\"1024\" src=\"https:\/\/www.weekend-provence.fr\/app\/uploads\/2026\/01\/2-1-1024x1024.webp\" alt=\"\" class=\"wp-image-2187 size-full not-transparent\" srcset=\"https:\/\/www.weekend-provence.fr\/app\/uploads\/2026\/01\/2-1-1024x1024.webp 1024w, https:\/\/www.weekend-provence.fr\/app\/uploads\/2026\/01\/2-1-300x300.webp 300w, https:\/\/www.weekend-provence.fr\/app\/uploads\/2026\/01\/2-1-768x768.webp 768w, https:\/\/www.weekend-provence.fr\/app\/uploads\/2026\/01\/2-1.webp 1200w\" sizes=\"auto, (max-width: 1024px) 100vw, 1024px\" \/><\/figure><\/div>\n\n\n\n<div class=\"wp-block-media-text is-stacked-on-mobile\"><figure class=\"wp-block-media-text__media\"><img data-dominant-color=\"767f6c\" data-has-transparency=\"false\" style=\"--dominant-color: #767f6c;\" loading=\"lazy\" decoding=\"async\" width=\"1024\" height=\"1024\" src=\"https:\/\/www.weekend-provence.fr\/app\/uploads\/2026\/01\/3-2-1024x1024.webp\" alt=\"\" class=\"wp-image-2188 size-full not-transparent\" srcset=\"https:\/\/www.weekend-provence.fr\/app\/uploads\/2026\/01\/3-2-1024x1024.webp 1024w, https:\/\/www.weekend-provence.fr\/app\/uploads\/2026\/01\/3-2-300x300.webp 300w, https:\/\/www.weekend-provence.fr\/app\/uploads\/2026\/01\/3-2-768x768.webp 768w, https:\/\/www.weekend-provence.fr\/app\/uploads\/2026\/01\/3-2.webp 1200w\" sizes=\"auto, (max-width: 1024px) 100vw, 1024px\" \/><\/figure><div class=\"wp-block-media-text__content\">\n<div class=\"wp-block-group is-layout-constrained wp-block-group-is-layout-constrained\">\n<h3 class=\"wp-block-heading\">Le bord de mer \u00e0 Gigaro<\/h3>\n\n\n\n<p class=\"wp-block-paragraph\">Une balade sauvage et apaisante, avec la mer en toile de fond.<\/p>\n<\/div>\n<\/div><\/div>\n\n\n\n<div class=\"wp-block-media-text has-media-on-the-right is-stacked-on-mobile\"><div class=\"wp-block-media-text__content\">\n<div class=\"wp-block-group is-layout-constrained wp-block-group-is-layout-constrained\">\n<h3 class=\"wp-block-heading\">Coucher de soleil \u00e0 La Croix-Valmer<\/h3>\n\n\n\n<p class=\"wp-block-paragraph\">l\u2019un des meilleurs spots du coin pour admirer le ciel s\u2019embraser\u2026 et se dire \u201cje t\u2019aime\u201d.<\/p>\n<\/div>\n<\/div><figure class=\"wp-block-media-text__media\"><img data-dominant-color=\"826441\" data-has-transparency=\"false\" style=\"--dominant-color: #826441;\" loading=\"lazy\" decoding=\"async\" width=\"1024\" height=\"1024\" src=\"https:\/\/www.weekend-provence.fr\/app\/uploads\/2026\/01\/4-1-1024x1024.webp\" alt=\"\" class=\"wp-image-2189 size-full not-transparent\" srcset=\"https:\/\/www.weekend-provence.fr\/app\/uploads\/2026\/01\/4-1-1024x1024.webp 1024w, https:\/\/www.weekend-provence.fr\/app\/uploads\/2026\/01\/4-1-300x300.webp 300w, https:\/\/www.weekend-provence.fr\/app\/uploads\/2026\/01\/4-1-768x768.webp 768w, https:\/\/www.weekend-provence.fr\/app\/uploads\/2026\/01\/4-1.webp 1200w\" sizes=\"auto, (max-width: 1024px) 100vw, 1024px\" \/><\/figure><\/div>\n\n\n\n<h3 class=\"wp-block-heading\">Nos s\u00e9jours sp\u00e9cial Saint-Valentin dans le Golfe de Saint-Tropez<\/h3>\n\n\n\n<ul class=\"wp-block-list\">\n<li><a href=\"http:\/\/weekend-provence.fr\/fr\/weekends\/votre-sejour-saint-valentin-au-chateau-rose-4-7633268\" data-type=\"link\" data-id=\"http:\/\/weekend-provence.fr\/fr\/weekends\/votre-sejour-saint-valentin-au-chateau-rose-4-7633268\" target=\"_blank\" rel=\"noreferrer noopener\"><strong>Votre s\u00e9jour Saint Valentin au Ch\u00e2teau Rose 4*<\/strong><\/a><\/li>\n\n\n\n<li><strong><a href=\"https:\/\/www.weekend-provence.fr\/fr\/weekends\/dolce-vita-a-cavalaire-pour-la-saint-valentin-4908234\" target=\"_blank\" rel=\"noreferrer noopener\">Dolce Vita \u00e0 Cavalaire pour la Saint-Valentin<\/a><\/strong><\/li>\n\n\n\n<li><strong><a href=\"https:\/\/www.weekend-provence.fr\/fr\/weekends\/saint-valentin-gourmande-en-bord-de-mer-4900432\" target=\"_blank\" rel=\"noreferrer noopener\">Saint-Valentin gourmande en bord de mer<\/a><\/strong><\/li>\n<\/ul>\n\n\n\n<h2 class=\"wp-block-heading\">Provence Verte &amp; Verdon  charme authentique et nature envo\u00fbtante<\/h2>\n\n\n\n<h3 class=\"wp-block-heading\">Les lieux les plus romantiques<\/h3>\n\n\n\n<div class=\"wp-block-media-text is-stacked-on-mobile\"><figure class=\"wp-block-media-text__media\"><img data-dominant-color=\"857c6e\" data-has-transparency=\"false\" style=\"--dominant-color: #857c6e;\" loading=\"lazy\" decoding=\"async\" width=\"1024\" height=\"1024\" src=\"https:\/\/www.weekend-provence.fr\/app\/uploads\/2026\/01\/1-2-1024x1024.webp\" alt=\"\" class=\"wp-image-2190 size-full not-transparent\" srcset=\"https:\/\/www.weekend-provence.fr\/app\/uploads\/2026\/01\/1-2-1024x1024.webp 1024w, https:\/\/www.weekend-provence.fr\/app\/uploads\/2026\/01\/1-2-300x300.webp 300w, https:\/\/www.weekend-provence.fr\/app\/uploads\/2026\/01\/1-2-768x768.webp 768w, https:\/\/www.weekend-provence.fr\/app\/uploads\/2026\/01\/1-2.webp 1200w\" sizes=\"auto, (max-width: 1024px) 100vw, 1024px\" \/><\/figure><div class=\"wp-block-media-text__content\">\n<div class=\"wp-block-group is-layout-constrained wp-block-group-is-layout-constrained\">\n<h3 class=\"wp-block-heading\">Le village de Cotignac<\/h3>\n\n\n\n<p class=\"wp-block-paragraph\">Ruelles mignonnes, maisons fleuries et terrasses cosy\u2026 le cadre parfait pour une balade \u00e0 deux. Bonus : <strong>Joe Dassin s\u2019y est mari\u00e9<\/strong> et <strong>Sean Connery<\/strong> y a eu une maison.<\/p>\n<\/div>\n<\/div><\/div>\n\n\n\n<div class=\"wp-block-media-text has-media-on-the-right is-stacked-on-mobile\"><div class=\"wp-block-media-text__content\">\n<div class=\"wp-block-group is-layout-constrained wp-block-group-is-layout-constrained\">\n<h3 class=\"wp-block-heading\">Les gorges du Caramy (Tourves)<\/h3>\n\n\n\n<p class=\"wp-block-paragraph\">Une promenade romantique le long de l\u2019eau, passage sur l\u2019ancien <strong>pont romain<\/strong>, falaises et coins pique-nique pour une pause douce.<\/p>\n<\/div>\n<\/div><figure class=\"wp-block-media-text__media\"><img data-dominant-color=\"5e6844\" data-has-transparency=\"false\" style=\"--dominant-color: #5e6844;\" loading=\"lazy\" decoding=\"async\" width=\"1024\" height=\"1024\" src=\"https:\/\/www.weekend-provence.fr\/app\/uploads\/2026\/01\/2-2-1024x1024.webp\" alt=\"\" class=\"wp-image-2191 size-full not-transparent\" srcset=\"https:\/\/www.weekend-provence.fr\/app\/uploads\/2026\/01\/2-2-1024x1024.webp 1024w, https:\/\/www.weekend-provence.fr\/app\/uploads\/2026\/01\/2-2-300x300.webp 300w, https:\/\/www.weekend-provence.fr\/app\/uploads\/2026\/01\/2-2-768x768.webp 768w, https:\/\/www.weekend-provence.fr\/app\/uploads\/2026\/01\/2-2.webp 1200w\" sizes=\"auto, (max-width: 1024px) 100vw, 1024px\" \/><\/figure><\/div>\n\n\n\n<div class=\"wp-block-media-text is-stacked-on-mobile\"><figure class=\"wp-block-media-text__media\"><img data-dominant-color=\"665c50\" data-has-transparency=\"false\" style=\"--dominant-color: #665c50;\" loading=\"lazy\" decoding=\"async\" width=\"1024\" height=\"1024\" src=\"https:\/\/www.weekend-provence.fr\/app\/uploads\/2026\/01\/3-3-1024x1024.webp\" alt=\"\" class=\"wp-image-2192 size-full not-transparent\" srcset=\"https:\/\/www.weekend-provence.fr\/app\/uploads\/2026\/01\/3-3-1024x1024.webp 1024w, https:\/\/www.weekend-provence.fr\/app\/uploads\/2026\/01\/3-3-300x300.webp 300w, https:\/\/www.weekend-provence.fr\/app\/uploads\/2026\/01\/3-3-768x768.webp 768w, https:\/\/www.weekend-provence.fr\/app\/uploads\/2026\/01\/3-3.webp 1200w\" sizes=\"auto, (max-width: 1024px) 100vw, 1024px\" \/><\/figure><div class=\"wp-block-media-text__content\">\n<div class=\"wp-block-group is-layout-constrained wp-block-group-is-layout-constrained\">\n<h3 class=\"wp-block-heading\">Coucher de soleil au Castrum Saint-Jean (Rougiers)<\/h3>\n\n\n\n<p class=\"wp-block-paragraph\">Un spot magique pour un moment hors du temps, accessible apr\u00e8s une courte marche\u2026 ambiance \u201cwow\u201d garantie au cr\u00e9puscule.<\/p>\n<\/div>\n<\/div><\/div>\n\n\n\n<h3 class=\"wp-block-heading\">Les Nos s\u00e9jours sp\u00e9cial Saint-Valentin en Provence Verte &amp; Verdon<\/h3>\n\n\n\n<ul class=\"wp-block-list\">\n<li><strong><a href=\"https:\/\/www.weekend-provence.fr\/fr\/weekends\/saint-valentin-en-duo-7643729\" data-type=\"link\" data-id=\"https:\/\/www.weekend-provence.fr\/fr\/weekends\/saint-valentin-en-duo-7643729\" target=\"_blank\" rel=\"noreferrer noopener\">Saint-Valentin en duo<\/a><\/strong><\/li>\n\n\n\n<li><strong><a href=\"https:\/\/www.weekend-provence.fr\/fr\/weekends\/saint-valentin-dans-les-etoiles-7641655\" data-type=\"link\" data-id=\"https:\/\/www.weekend-provence.fr\/fr\/weekends\/saint-valentin-dans-les-etoiles-7641655\" target=\"_blank\" rel=\"noreferrer noopener\">Saint-Valentin dans les \u00e9toiles<\/a><\/strong><\/li>\n\n\n\n<li><strong><a href=\"https:\/\/www.weekend-provence.fr\/fr\/weekends\/saint-valentin-en-love-room-7214616\" data-type=\"link\" data-id=\"https:\/\/www.weekend-provence.fr\/fr\/weekends\/saint-valentin-en-love-room-7214616\" target=\"_blank\" rel=\"noreferrer noopener\">Saint-Valentin en Love Room<\/a><\/strong><\/li>\n<\/ul>\n\n\n\n<p class=\"has-text-align-center wp-block-paragraph\">Envie d\u2019un coucher de soleil face \u00e0 la mer, d\u2019une balade main dans la main dans un village plein de charme ou d\u2019un s\u00e9jour glamour \u00e0 deux ? Ces destinations sont parfaites pour c\u00e9l\u00e9brer votre amour.<\/p>\n\n\n\n<div class=\"wp-block-buttons is-content-justification-center is-layout-flex wp-container-core-buttons-is-layout-9b3e53d3 wp-block-buttons-is-layout-flex\">\n<div class=\"wp-block-button\"><a class=\"wp-block-button__link has-text-align-center wp-element-button\" href=\"https:\/\/www.weekend-provence.fr\/fr\" target=\"_blank\" rel=\"noreferrer noopener\">tous nos s\u00e9jours<\/a><\/div>\n<\/div>\n<\/div>\n<\/div>\n","protected":false},"excerpt":{"rendered":"<p>Envie de vous \u00e9vader \u00e0 deux pour la Saint-Valentin ? Panoramas sur la M\u00e9diterran\u00e9e, villages de charme et couchers de soleil inoubliables : nos destinations offrent le d\u00e9cor parfait pour une parenth\u00e8se romantique. D\u00e9couvrez nos lieux coup de c\u0153ur ainsi que des id\u00e9es de s\u00e9jours sp\u00e9cialement pens\u00e9s pour les amoureux. Est\u00e9rel C\u00f4te d&rsquo;Azur : romance&#8230;<\/p>\n","protected":false},"author":2,"featured_media":1626,"comment_status":"open","ping_status":"open","sticky":false,"template":"","format":"standard","meta":{"_acf_changed":false,"_crdt_document":"","footnotes":""},"categories":[25,22],"tags":[],"class_list":["post-2182","post","type-post","status-publish","format-standard","has-post-thumbnail","hentry","category-en-couple","category-sejours"],"acf":[],"_links":{"self":[{"href":"https:\/\/www.weekend-provence.fr\/fr\/wp-json\/wp\/v2\/posts\/2182","targetHints":{"allow":["GET"]}}],"collection":[{"href":"https:\/\/www.weekend-provence.fr\/fr\/wp-json\/wp\/v2\/posts"}],"about":[{"href":"https:\/\/www.weekend-provence.fr\/fr\/wp-json\/wp\/v2\/types\/post"}],"author":[{"embeddable":true,"href":"https:\/\/www.weekend-provence.fr\/fr\/wp-json\/wp\/v2\/users\/2"}],"replies":[{"embeddable":true,"href":"https:\/\/www.weekend-provence.fr\/fr\/wp-json\/wp\/v2\/comments?post=2182"}],"version-history":[{"count":3,"href":"https:\/\/www.weekend-provence.fr\/fr\/wp-json\/wp\/v2\/posts\/2182\/revisions"}],"predecessor-version":[{"id":2196,"href":"https:\/\/www.weekend-provence.fr\/fr\/wp-json\/wp\/v2\/posts\/2182\/revisions\/2196"}],"wp:featuredmedia":[{"embeddable":true,"href":"https:\/\/www.weekend-provence.fr\/fr\/wp-json\/wp\/v2\/media\/1626"}],"wp:attachment":[{"href":"https:\/\/www.weekend-provence.fr\/fr\/wp-json\/wp\/v2\/media?parent=2182"}],"wp:term":[{"taxonomy":"category","embeddable":true,"href":"https:\/\/www.weekend-provence.fr\/fr\/wp-json\/wp\/v2\/categories?post=2182"},{"taxonomy":"post_tag","embeddable":true,"href":"https:\/\/www.weekend-provence.fr\/fr\/wp-json\/wp\/v2\/tags?post=2182"}],"curies":[{"name":"wp","href":"https:\/\/api.w.org\/{rel}","templated":true}]}}