{"id":2605,"date":"2026-08-31T09:21:53","date_gmt":"2026-08-31T09:21:53","guid":{"rendered":"https:\/\/www.weekend-provence.fr\/?p=2605"},"modified":"2026-08-31T09:21:56","modified_gmt":"2026-08-31T09:21:56","slug":"arriere-saison-en-provence-ou-sejourner-au-calme-en-septembre","status":"publish","type":"post","link":"https:\/\/www.weekend-provence.fr\/fr\/arriere-saison-en-provence-ou-sejourner-au-calme-en-septembre","title":{"rendered":"Arri\u00e8re-saison en Provence : o\u00f9 s\u00e9journer au calme en septembre ?"},"content":{"rendered":"\n<div class=\"wp-block-group is-layout-constrained wp-block-group-is-layout-constrained\">\n<p class=\"wp-block-paragraph\">Pour profiter pleinement de l\u2019<strong>arri\u00e8re-saison en Provence<\/strong>, trois territoires du Var offrent des ambiances tr\u00e8s diff\u00e9rentes : Est\u00e9rel C\u00f4te d\u2019Azur entre criques et for\u00eats, Provence Verte &amp; Verdon au c\u0153ur de la campagne, et le Golfe de Saint-Tropez c\u00f4t\u00e9 vignes, massif des Maures et M\u00e9diterran\u00e9e. Weekend Provence r\u00e9unit justement des s\u00e9jours dans ces trois destinations.<\/p>\n\n\n\n<p class=\"wp-block-paragraph\">Septembre marque un changement de rythme. On ne cherche plus forc\u00e9ment \u00e0 encha\u00eener les visites, les plages et les activit\u00e9s. On peut choisir un h\u00e9bergement pour son environnement, prendre le temps d\u2019un petit-d\u00e9jeuner en terrasse, partir marcher quelques heures, s\u2019arr\u00eater dans un village ou simplement profiter d\u2019un spa et ne rien pr\u00e9voir d\u2019autre.<\/p>\n\n\n\n<p class=\"wp-block-paragraph\">C\u2019est aussi tout l\u2019int\u00e9r\u00eat de l\u2019<strong>arri\u00e8re-saison<\/strong> : red\u00e9couvrir des lieux embl\u00e9matiques sous un autre angle, mais aussi sortir des itin\u00e9raires les plus \u00e9vidents pour rejoindre une petite calanque, une vall\u00e9e bois\u00e9e, un domaine viticole ou un village de l\u2019arri\u00e8re-pays.<\/p>\n\n\n\n<p class=\"wp-block-paragraph\">Voici plusieurs id\u00e9es de s\u00e9jours pour organiser un week-end au calme en septembre dans le Var.<\/p>\n\n\n\n<h2 class=\"wp-block-heading\">Pourquoi choisir septembre pour profiter de l\u2019arri\u00e8re-saison en Provence ?<\/h2>\n\n\n\n<p class=\"wp-block-paragraph\">Weekend Provence rassemble des s\u00e9jours r\u00e9partis entre <strong>trois grandes destinations varoises : Est\u00e9rel C\u00f4te d\u2019Azur, Provence Verte &amp; Verdon et le Golfe de Saint-Tropez<\/strong>. Trois territoires suffisamment diff\u00e9rents pour adapter son week-end \u00e0 sa propre d\u00e9finition du calme : bord de mer, pleine nature, vignobles ou bien-\u00eatre.<\/p>\n\n\n\n<h3 class=\"wp-block-heading\">Choisir son lieu en fonction de l\u2019ambiance recherch\u00e9e<\/h3>\n\n\n\n<p class=\"wp-block-paragraph\">Tout le monde n\u2019imagine pas un s\u00e9jour paisible de la m\u00eame fa\u00e7on. Certains voudront continuer \u00e0 voir la M\u00e9diterran\u00e9e depuis leur fen\u00eatre, mais pr\u00e9f\u00e9reront une petite crique \u00e0 une grande station baln\u00e9aire. D\u2019autres rechercheront plut\u00f4t les for\u00eats, les villages, les rivi\u00e8res ou les paysages agricoles de l\u2019int\u00e9rieur du Var.<\/p>\n\n\n\n<p class=\"wp-block-paragraph\">Pour une <strong>arri\u00e8re-saison les pieds pr\u00e8s de l\u2019eau<\/strong>, direction les secteurs d\u2019Anth\u00e9or, du Trayas ou du Rayol-Canadel-sur-Mer. Pour se couper davantage du littoral, les villages du Pays de Fayence, la vall\u00e9e de La Mole ou la campagne de Provence Verte offrent une autre mani\u00e8re de vivre septembre.<\/p>\n\n\n\n<p class=\"wp-block-paragraph\">L\u2019id\u00e9e n\u2019est donc pas seulement de choisir \u00ab la Provence \u00bb comme destination, mais de s\u00e9lectionner le d\u00e9cor qui permettra r\u00e9ellement de ralentir.<\/p>\n\n\n\n<h3 class=\"wp-block-heading\">Faire de l\u2019h\u00e9bergement une partie du voyage<\/h3>\n\n\n\n<p class=\"wp-block-paragraph\">En septembre, un bon week-end peut aussi commencer par un programme volontairement r\u00e9duit. Une nuit insolite, une baignoire baln\u00e9o, quelques heures dans les vignes ou un petit-d\u00e9jeuner face aux collines suffisent parfois \u00e0 donner le ton.<\/p>\n\n\n\n<p class=\"wp-block-paragraph\">C\u2019est dans cette logique que les s\u00e9jours s\u00e9lectionn\u00e9s sur Weekend Provence prennent tout leur sens : une bulle cach\u00e9e sous les pins \u00e0 Roquebrune-sur-Argens, un cocon avec spa privatif \u00e0 Sainte-Anastasie-sur-Issole, deux nuits au c\u0153ur d\u2019un domaine viticole \u00e0 La Mole ou encore une chambre avec vue sur la M\u00e9diterran\u00e9e au Rayol.<\/p>\n\n\n\n<p class=\"wp-block-paragraph\">En arri\u00e8re-saison, l\u2019h\u00e9bergement ne sert plus uniquement de point de chute : il devient l\u2019une des exp\u00e9riences principales du week-end.<\/p>\n\n\n\n<h2 class=\"wp-block-heading\">Est\u00e9rel C\u00f4te d\u2019Azur : une arri\u00e8re-saison entre criques discr\u00e8tes et arri\u00e8re-pays<\/h2>\n\n\n\n<div class=\"wp-block-media-text is-stacked-on-mobile\"><figure class=\"wp-block-media-text__media\"><img data-dominant-color=\"5e6d60\" data-has-transparency=\"false\" style=\"--dominant-color: #5e6d60;\" loading=\"lazy\" decoding=\"async\" width=\"1024\" height=\"1024\" src=\"https:\/\/www.weekend-provence.fr\/app\/uploads\/2026\/08\/1-1024x1024.webp\" alt=\"\" class=\"wp-image-2608 size-full not-transparent\" srcset=\"https:\/\/www.weekend-provence.fr\/app\/uploads\/2026\/08\/1-1024x1024.webp 1024w, https:\/\/www.weekend-provence.fr\/app\/uploads\/2026\/08\/1-300x300.webp 300w, https:\/\/www.weekend-provence.fr\/app\/uploads\/2026\/08\/1-768x768.webp 768w, https:\/\/www.weekend-provence.fr\/app\/uploads\/2026\/08\/1.webp 1200w\" sizes=\"auto, (max-width: 1024px) 100vw, 1024px\" \/><\/figure><div class=\"wp-block-media-text__content\">\n<div class=\"wp-block-group is-layout-constrained wp-block-group-is-layout-constrained\">\n<h3 class=\"wp-block-heading\">La calanque de Maupas<\/h3>\n\n\n\n<p class=\"wp-block-paragraph\">La <strong>calanque de Maupas<\/strong>, au Trayas, est une option tr\u00e8s intimiste, peu fr\u00e9quent\u00e9e et propice \u00e0 la d\u00e9tente. Quelques marches discr\u00e8tes y m\u00e8nent au c\u0153ur des roches rouges de l\u2019Est\u00e9rel.<\/p>\n\n\n\n<p class=\"wp-block-paragraph\">\u00c0 Anth\u00e9or, la plage sous le viaduc ferroviaire s\u2019\u00e9tend sur environ 100 m\u00e8tres, avec une pente douce dans l\u2019eau, offrant un littoral plus calme, loin de Saint-Rapha\u00ebl.<\/p>\n\n\n\n<div class=\"wp-block-buttons is-layout-flex wp-block-buttons-is-layout-flex\">\n<div class=\"wp-block-button\"><a class=\"wp-block-button__link wp-element-button\" href=\"https:\/\/www.esterel-cotedazur.com\/decouvrir\/plages\/calanque-de-maupas\/\" target=\"_blank\" rel=\"noopener\">d\u00e9couvrir<\/a><\/div>\n<\/div>\n<\/div>\n<\/div><\/div>\n\n\n\n<div class=\"wp-block-media-text has-media-on-the-right is-stacked-on-mobile\"><div class=\"wp-block-media-text__content\">\n<div class=\"wp-block-group is-layout-constrained wp-block-group-is-layout-constrained\">\n<div class=\"wp-block-group is-layout-constrained wp-block-group-is-layout-constrained\">\n<h3 class=\"wp-block-heading\">L\u2019arri\u00e8re-pays du Pays de Fayence<\/h3>\n\n\n\n<p class=\"wp-block-paragraph\">Mais une arri\u00e8re-saison en Est\u00e9rel C\u00f4te d\u2019Azur peut aussi se vivre loin de la mer. Le <strong>Pays de Fayence compte neuf villages<\/strong>, parmi lesquels Bagnols-en-For\u00eat, Saint-Paul-en-For\u00eat et Tanneron.<\/p>\n\n\n\n<p class=\"wp-block-paragraph\">\u00c0 Saint-Paul-en-For\u00eat, par exemple, le lac du Rioutard permet une promenade de <strong>3 km r\u00e9alisable en environ 1 h 30<\/strong>, au milieu des pins et des ch\u00eanes.<\/p>\n\n\n\n<div class=\"wp-block-buttons is-layout-flex wp-block-buttons-is-layout-flex\">\n<div class=\"wp-block-button\"><a class=\"wp-block-button__link wp-element-button\" href=\"https:\/\/www.esterel-cotedazur.com\/decouvrir\/nos-destinations\/pays-de-fayence\/\" target=\"_blank\" rel=\"noopener\">d\u00e9couvrir<\/a><\/div>\n<\/div>\n<\/div>\n<\/div>\n<\/div><figure class=\"wp-block-media-text__media\"><img data-dominant-color=\"908376\" data-has-transparency=\"false\" style=\"--dominant-color: #908376;\" loading=\"lazy\" decoding=\"async\" width=\"1024\" height=\"1024\" src=\"https:\/\/www.weekend-provence.fr\/app\/uploads\/2026\/08\/2-1024x1024.webp\" alt=\"\" class=\"wp-image-2609 size-full not-transparent\" srcset=\"https:\/\/www.weekend-provence.fr\/app\/uploads\/2026\/08\/2-1024x1024.webp 1024w, https:\/\/www.weekend-provence.fr\/app\/uploads\/2026\/08\/2-300x300.webp 300w, https:\/\/www.weekend-provence.fr\/app\/uploads\/2026\/08\/2-768x768.webp 768w, https:\/\/www.weekend-provence.fr\/app\/uploads\/2026\/08\/2.webp 1200w\" sizes=\"auto, (max-width: 1024px) 100vw, 1024px\" \/><\/figure><\/div>\n\n\n\n<h2 class=\"wp-block-heading\">S\u00e9journer en Est\u00e9rel C\u00f4te d&rsquo;Azur<\/h2>\n\n\n\n<div class=\"wp-block-media-text is-stacked-on-mobile\"><figure class=\"wp-block-media-text__media\"><img data-dominant-color=\"766e51\" data-has-transparency=\"false\" style=\"--dominant-color: #766e51;\" loading=\"lazy\" decoding=\"async\" width=\"1024\" height=\"1024\" src=\"https:\/\/www.weekend-provence.fr\/app\/uploads\/2026\/08\/3-1024x1024.webp\" alt=\"\" class=\"wp-image-2610 size-full not-transparent\" srcset=\"https:\/\/www.weekend-provence.fr\/app\/uploads\/2026\/08\/3-1024x1024.webp 1024w, https:\/\/www.weekend-provence.fr\/app\/uploads\/2026\/08\/3-300x300.webp 300w, https:\/\/www.weekend-provence.fr\/app\/uploads\/2026\/08\/3-768x768.webp 768w, https:\/\/www.weekend-provence.fr\/app\/uploads\/2026\/08\/3.webp 1200w\" sizes=\"auto, (max-width: 1024px) 100vw, 1024px\" \/><\/figure><div class=\"wp-block-media-text__content\">\n<div class=\"wp-block-group is-layout-constrained wp-block-group-is-layout-constrained\">\n<h3 class=\"wp-block-heading\">Ma bulle de verre sous les pins<\/h3>\n\n\n\n<p class=\"wp-block-paragraph\">Dormir dans une bulle transparente nich\u00e9e au c\u0153ur d\u2019un jardin, sous les pins parasols, c\u2019est s\u2019offrir une parenth\u00e8se hors du temps. Entre bain de d\u00e9tente dans un spa en plein air, nuit berc\u00e9e par le ciel \u00e9toil\u00e9 bien au chaud sous une couverture et coupe de champagne \u00e0 la main, l\u2019exp\u00e9rience prend des airs de r\u00eave \u00e9veill\u00e9.<\/p>\n\n\n\n<div class=\"wp-block-buttons is-layout-flex wp-block-buttons-is-layout-flex\">\n<div class=\"wp-block-button\"><a class=\"wp-block-button__link wp-element-button\" href=\"https:\/\/www.weekend-provence.fr\/fr\/weekends\/ma-bulle-de-verre-sous-les-pins-5433771\" target=\"_blank\" rel=\"noopener\">r\u00e9servez<\/a><\/div>\n<\/div>\n<\/div>\n<\/div><\/div>\n\n\n\n<div class=\"wp-block-media-text has-media-on-the-right is-stacked-on-mobile\"><div class=\"wp-block-media-text__content\">\n<div class=\"wp-block-group is-layout-constrained wp-block-group-is-layout-constrained\">\n<h3 class=\"wp-block-heading\">SPA et cocooning \u00e0 la bastide<\/h3>\n\n\n\n<p class=\"wp-block-paragraph\">\u00c0 la Bastide du Rocher, vivez une parenth\u00e8se \u00e0 deux dans une atmosph\u00e8re chaleureuse et raffin\u00e9e. Installez-vous dans une suite au charme proven\u00e7al, \u00e9quip\u00e9e d\u2019une baignoire jacuzzi privative, id\u00e9ale pour se d\u00e9tendre et savourer un moment de calme et de complicit\u00e9.<\/p>\n\n\n\n<div class=\"wp-block-buttons is-layout-flex wp-block-buttons-is-layout-flex\">\n<div class=\"wp-block-button\"><a class=\"wp-block-button__link wp-element-button\" href=\"https:\/\/www.weekend-provence.fr\/fr\/weekends\/spa-et-cocooning-a-la-bastide-6825429\" target=\"_blank\" rel=\"noopener\">r\u00e9servez<\/a><\/div>\n<\/div>\n<\/div>\n<\/div><figure class=\"wp-block-media-text__media\"><img data-dominant-color=\"999d9f\" data-has-transparency=\"false\" style=\"--dominant-color: #999d9f;\" loading=\"lazy\" decoding=\"async\" width=\"1200\" height=\"1200\" src=\"https:\/\/www.weekend-provence.fr\/app\/uploads\/2026\/08\/4-1024x1024.webp\" alt=\"\" class=\"wp-image-2611 size-full not-transparent\" srcset=\"https:\/\/www.weekend-provence.fr\/app\/uploads\/2026\/08\/4-1024x1024.webp 1024w, https:\/\/www.weekend-provence.fr\/app\/uploads\/2026\/08\/4-300x300.webp 300w, https:\/\/www.weekend-provence.fr\/app\/uploads\/2026\/08\/4-768x768.webp 768w, https:\/\/www.weekend-provence.fr\/app\/uploads\/2026\/08\/4.webp 1200w\" sizes=\"auto, (max-width: 1200px) 100vw, 1200px\" \/><\/figure><\/div>\n\n\n\n<h2 class=\"wp-block-heading\">Provence Verte &amp; Verdon : l\u2019arri\u00e8re-saison au rythme de la campagne et de la nature<\/h2>\n\n\n\n<div class=\"wp-block-media-text is-stacked-on-mobile\"><figure class=\"wp-block-media-text__media\"><img data-dominant-color=\"616f69\" data-has-transparency=\"false\" style=\"--dominant-color: #616f69;\" loading=\"lazy\" decoding=\"async\" width=\"1024\" height=\"1024\" src=\"https:\/\/www.weekend-provence.fr\/app\/uploads\/2026\/08\/Design-sans-titre-2026-08-31T110745.928-1024x1024.webp\" alt=\"\" class=\"wp-image-2647 size-full not-transparent\" srcset=\"https:\/\/www.weekend-provence.fr\/app\/uploads\/2026\/08\/Design-sans-titre-2026-08-31T110745.928-1024x1024.webp 1024w, https:\/\/www.weekend-provence.fr\/app\/uploads\/2026\/08\/Design-sans-titre-2026-08-31T110745.928-300x300.webp 300w, https:\/\/www.weekend-provence.fr\/app\/uploads\/2026\/08\/Design-sans-titre-2026-08-31T110745.928-768x768.webp 768w, https:\/\/www.weekend-provence.fr\/app\/uploads\/2026\/08\/Design-sans-titre-2026-08-31T110745.928.webp 1200w\" sizes=\"auto, (max-width: 1024px) 100vw, 1024px\" \/><\/figure><div class=\"wp-block-media-text__content\">\n<div class=\"wp-block-group is-layout-constrained wp-block-group-is-layout-constrained\">\n<h3 class=\"wp-block-heading\">Parc naturel r\u00e9gional de la Sainte-Baume<\/h3>\n\n\n\n<p class=\"wp-block-paragraph\">Cr\u00e9\u00e9 en 2017, le Parc naturel r\u00e9gional de la Sainte-Baume offre un cadre id\u00e9al pour ralentir. La <a href=\"https:\/\/www.la-provence-verte.net\/activites\/patrimoine-plan-d-aups-sainte-baume-grotte-de-sainte-marie-madeleine-et-circuit-de-la-sainte-baume_836.html\" target=\"_blank\" rel=\"noopener\">grotte de Sainte Marie-Madeleine<\/a> se rejoint apr\u00e8s environ <strong>45 minutes de marche<\/strong> et <strong>150 marches<\/strong>. Pour prolonger la balade, la boucle jusqu&rsquo;\u00e0 la chapelle du <a href=\"https:\/\/www.la-provence-verte.net\/activites\/randonnee-pedestre-plan-d-aups-sainte-baume_66.html\" target=\"_blank\" rel=\"noopener\">Saint-Pilon<\/a> fait <strong>6,5 km<\/strong>, soit environ <strong>3 heures<\/strong>. En septembre, v\u00e9rifiez toutefois les conditions d&rsquo;acc\u00e8s en raison du risque incendie.<\/p>\n\n\n\n<div class=\"wp-block-buttons is-layout-flex wp-block-buttons-is-layout-flex\">\n<div class=\"wp-block-button\"><a class=\"wp-block-button__link wp-element-button\" href=\"https:\/\/www.la-provence-verte.net\/destination-nature\/parc-naturel-sainte-baume.php\" target=\"_blank\" rel=\"noopener\">d\u00e9couvrir<\/a><\/div>\n<\/div>\n<\/div>\n<\/div><\/div>\n\n\n\n<div class=\"wp-block-media-text has-media-on-the-right is-stacked-on-mobile\"><div class=\"wp-block-media-text__content\">\n<div class=\"wp-block-group is-layout-constrained wp-block-group-is-layout-constrained\">\n<h3 class=\"wp-block-heading\">Le lac Sainte-Suzanne et les chutes du Caramy<\/h3>\n\n\n\n<p class=\"wp-block-paragraph\">\u00c0 <strong>Carc\u00e8s<\/strong>, le lac Sainte-Suzanne s\u2019\u00e9tend sur <strong>99 hectares<\/strong> entre les collines bois\u00e9es. Une piste am\u00e9nag\u00e9e permet de rejoindre le barrage en <strong>2,5 km<\/strong>, soit environ <strong>1 h 30 aller-retour<\/strong>. La balade peut se prolonger jusqu\u2019aux <a href=\"https:\/\/www.la-provence-verte.net\/activites\/nature-carces-chutes-du-caramy_578.html\" target=\"_blank\" rel=\"noopener\">chutes du Caramy<\/a>, \u00e0 <strong>3,5 km du parking<\/strong>, o\u00f9 une double cascade de <strong>7 m\u00e8tres<\/strong> se d\u00e9couvre depuis un belv\u00e9d\u00e8re. En septembre, v\u00e9rifiez les conditions d\u2019acc\u00e8s selon le risque incendie.<\/p>\n\n\n\n<div class=\"wp-block-buttons is-layout-flex wp-block-buttons-is-layout-flex\">\n<div class=\"wp-block-button\"><a class=\"wp-block-button__link wp-element-button\" href=\"https:\/\/www.la-provence-verte.net\/activites\/nature-carces-lac-sainte-suzanne_579.html\" target=\"_blank\" rel=\"noopener\">d\u00e9couvrir<\/a><\/div>\n<\/div>\n<\/div>\n<\/div><figure class=\"wp-block-media-text__media\"><img data-dominant-color=\"547180\" data-has-transparency=\"false\" style=\"--dominant-color: #547180;\" loading=\"lazy\" decoding=\"async\" width=\"1024\" height=\"1024\" src=\"https:\/\/www.weekend-provence.fr\/app\/uploads\/2026\/08\/Design-sans-titre-2026-08-31T111111.917-1024x1024.webp\" alt=\"\" class=\"wp-image-2648 size-full not-transparent\" srcset=\"https:\/\/www.weekend-provence.fr\/app\/uploads\/2026\/08\/Design-sans-titre-2026-08-31T111111.917-1024x1024.webp 1024w, https:\/\/www.weekend-provence.fr\/app\/uploads\/2026\/08\/Design-sans-titre-2026-08-31T111111.917-300x300.webp 300w, https:\/\/www.weekend-provence.fr\/app\/uploads\/2026\/08\/Design-sans-titre-2026-08-31T111111.917-768x768.webp 768w, https:\/\/www.weekend-provence.fr\/app\/uploads\/2026\/08\/Design-sans-titre-2026-08-31T111111.917.webp 1200w\" sizes=\"auto, (max-width: 1024px) 100vw, 1024px\" \/><\/figure><\/div>\n\n\n\n<h2 class=\"wp-block-heading\">S\u00e9journer en Provence Verte et Verdon<\/h2>\n\n\n\n<div class=\"wp-block-media-text is-stacked-on-mobile\"><figure class=\"wp-block-media-text__media\"><img data-dominant-color=\"635d52\" data-has-transparency=\"false\" style=\"--dominant-color: #635d52;\" loading=\"lazy\" decoding=\"async\" width=\"650\" height=\"667\" src=\"https:\/\/www.weekend-provence.fr\/app\/uploads\/2026\/08\/Capture-decran-2026-08-31-111354.webp\" alt=\"\" class=\"wp-image-2649 size-full not-transparent\" srcset=\"https:\/\/www.weekend-provence.fr\/app\/uploads\/2026\/08\/Capture-decran-2026-08-31-111354.webp 650w, https:\/\/www.weekend-provence.fr\/app\/uploads\/2026\/08\/Capture-decran-2026-08-31-111354-292x300.webp 292w\" sizes=\"auto, (max-width: 650px) 100vw, 650px\" \/><\/figure><div class=\"wp-block-media-text__content\">\n<div class=\"wp-block-group is-layout-constrained wp-block-group-is-layout-constrained\">\n<h2 class=\"wp-block-heading\">Escale romantique et spa<\/h2>\n\n\n\n<p class=\"wp-block-paragraph\">\u00c0 Sainte-Anastasie-sur-Issole, le Week-end romantique et SPA propose 2 jours et 1 nuit dans un meubl\u00e9 5 \u00e9toiles, avec d\u00eener livr\u00e9, petit-d\u00e9jeuner, jacuzzi, sauna et piscine chauff\u00e9e en saison. En septembre 2026, la formule est propos\u00e9e \u00e0 partir de 178 \u20ac par personne en semaine et 203 \u20ac le week-end.<\/p>\n\n\n\n<div class=\"wp-block-buttons is-layout-flex wp-block-buttons-is-layout-flex\">\n<div class=\"wp-block-button\"><a class=\"wp-block-button__link wp-element-button\" href=\"https:\/\/www.weekend-provence.fr\/fr\/weekends\/week-end-romantique-et-spa-5979000\" target=\"_blank\" rel=\"noopener\">R\u00e9servez<\/a><\/div>\n<\/div>\n<\/div>\n<\/div><\/div>\n\n\n\n<h2 class=\"wp-block-heading\">Golfe de Saint-Tropez : l\u2019arri\u00e8re-saison entre vignes, massif des Maures et M\u00e9diterran\u00e9e<\/h2>\n\n\n\n<div class=\"wp-block-media-text is-stacked-on-mobile\"><figure class=\"wp-block-media-text__media\"><img data-dominant-color=\"437b9c\" data-has-transparency=\"false\" style=\"--dominant-color: #437b9c;\" loading=\"lazy\" decoding=\"async\" width=\"1024\" height=\"1024\" src=\"https:\/\/www.weekend-provence.fr\/app\/uploads\/2026\/08\/6-1024x1024.webp\" alt=\"\" class=\"wp-image-2612 size-full not-transparent\" srcset=\"https:\/\/www.weekend-provence.fr\/app\/uploads\/2026\/08\/6-1024x1024.webp 1024w, https:\/\/www.weekend-provence.fr\/app\/uploads\/2026\/08\/6-300x300.webp 300w, https:\/\/www.weekend-provence.fr\/app\/uploads\/2026\/08\/6-768x768.webp 768w, https:\/\/www.weekend-provence.fr\/app\/uploads\/2026\/08\/6.webp 1200w\" sizes=\"auto, (max-width: 1024px) 100vw, 1024px\" \/><\/figure><div class=\"wp-block-media-text__content\">\n<div class=\"wp-block-group is-layout-constrained wp-block-group-is-layout-constrained\">\n<h3 class=\"wp-block-heading\">Rayol-Canadel-sur-Mer<\/h3>\n\n\n\n<p class=\"wp-block-paragraph\">Le Golfe de Saint-Tropez poss\u00e8de aussi son versant tranquille. Au Rayol-Canadel-sur-Mer, le circuit de d\u00e9couverte du village offre une balade douce d\u2019environ 1,8 km, id\u00e9ale pour prendre le temps de longer les ruelles, les escaliers et les points de vue sur la mer. C\u2019est un lieu parfait pour profiter de la M\u00e9diterran\u00e9e dans une atmosph\u00e8re plus paisible, loin de l\u2019agitation des stations baln\u00e9aires.<\/p>\n\n\n\n<div class=\"wp-block-buttons is-layout-flex wp-block-buttons-is-layout-flex\">\n<div class=\"wp-block-button\"><a class=\"wp-block-button__link wp-element-button\" href=\"https:\/\/www.golfe-saint-tropez-information.com\/fr\/villages-stations\/rayol-canadel-sur-mer\" target=\"_blank\" rel=\"noopener\">d\u00e9couvrir<\/a><\/div>\n<\/div>\n<\/div>\n<\/div><\/div>\n\n\n\n<div class=\"wp-block-media-text has-media-on-the-right is-stacked-on-mobile\"><div class=\"wp-block-media-text__content\">\n<div class=\"wp-block-group is-layout-constrained wp-block-group-is-layout-constrained\">\n<h3 class=\"wp-block-heading\">La Mole<\/h3>\n\n\n\n<p class=\"wp-block-paragraph\">\u00c0 La Mole, l\u2019ambiance change compl\u00e8tement avec un d\u00e9cor plus int\u00e9rieur et verdoyant. Le village s\u2019ouvre sur une vall\u00e9e entour\u00e9e de for\u00eats et de collines, o\u00f9 le barrage de la Verne s\u2019impose comme un paysage calme et pr\u00e9serv\u00e9. Ici, on vient surtout pour respirer, marcher et profiter d\u2019un environnement naturel plus confidentiel, au c\u0153ur du massif des Maures.<\/p>\n\n\n\n<div class=\"wp-block-buttons is-layout-flex wp-block-buttons-is-layout-flex\">\n<div class=\"wp-block-button\"><a class=\"wp-block-button__link wp-element-button\" href=\"https:\/\/www.golfe-saint-tropez-information.com\/fr\/loisirs\/loisirs-sportifs\/la-mole\/barrage-de-la-verne-a-la-mole-5595275\" target=\"_blank\" rel=\"noopener\">d\u00e9couvrir<\/a><\/div>\n<\/div>\n<\/div>\n<\/div><figure class=\"wp-block-media-text__media\"><img data-dominant-color=\"597a9c\" data-has-transparency=\"false\" style=\"--dominant-color: #597a9c;\" loading=\"lazy\" decoding=\"async\" width=\"1024\" height=\"1024\" src=\"https:\/\/www.weekend-provence.fr\/app\/uploads\/2026\/08\/7-1024x1024.webp\" alt=\"\" class=\"wp-image-2613 size-full not-transparent\" srcset=\"https:\/\/www.weekend-provence.fr\/app\/uploads\/2026\/08\/7-1024x1024.webp 1024w, https:\/\/www.weekend-provence.fr\/app\/uploads\/2026\/08\/7-300x300.webp 300w, https:\/\/www.weekend-provence.fr\/app\/uploads\/2026\/08\/7-768x768.webp 768w, https:\/\/www.weekend-provence.fr\/app\/uploads\/2026\/08\/7.webp 1200w\" sizes=\"auto, (max-width: 1024px) 100vw, 1024px\" \/><\/figure><\/div>\n\n\n\n<h2 class=\"wp-block-heading\">S\u00e9journer au Golfe de Saint-Tropez<\/h2>\n\n\n\n<div class=\"wp-block-media-text is-stacked-on-mobile\"><figure class=\"wp-block-media-text__media\"><img data-dominant-color=\"65796e\" data-has-transparency=\"false\" style=\"--dominant-color: #65796e;\" loading=\"lazy\" decoding=\"async\" width=\"646\" height=\"662\" src=\"https:\/\/www.weekend-provence.fr\/app\/uploads\/2026\/08\/Capture-decran-2026-08-18-095837.webp\" alt=\"\" class=\"wp-image-2614 size-full not-transparent\" srcset=\"https:\/\/www.weekend-provence.fr\/app\/uploads\/2026\/08\/Capture-decran-2026-08-18-095837.webp 646w, https:\/\/www.weekend-provence.fr\/app\/uploads\/2026\/08\/Capture-decran-2026-08-18-095837-293x300.webp 293w\" sizes=\"auto, (max-width: 646px) 100vw, 646px\" \/><\/figure><div class=\"wp-block-media-text__content\">\n<div class=\"wp-block-group is-layout-constrained wp-block-group-is-layout-constrained\">\n<h3 class=\"wp-block-heading\">Dormir dans les vignes<\/h3>\n\n\n\n<p class=\"wp-block-paragraph\">\u00c0 La Mole, le <strong>S\u00e9jour au c\u0153ur des vignes au Domaine Clos Mirages<\/strong> est particuli\u00e8rement adapt\u00e9 au mois de septembre puisqu\u2019il est propos\u00e9 du <strong>1er au 30 septembre 2026<\/strong>. Il comprend <strong>3 jours et 2 nuits<\/strong> en chambre d\u2019h\u00f4tes 4 \u00e9toiles avec petits-d\u00e9jeuners, une bouteille de vin, un d\u00eener bistronomique \u00e0 Cogolin et une d\u00e9gustation au domaine accompagn\u00e9e d\u2019une <strong>visite vigneronne guid\u00e9e d\u2019une heure<\/strong>.<\/p>\n\n\n\n<div class=\"wp-block-buttons is-layout-flex wp-block-buttons-is-layout-flex\">\n<div class=\"wp-block-button\"><a class=\"wp-block-button__link wp-element-button\" href=\"https:\/\/www.weekend-provence.fr\/fr\/weekends\/sejour-au-cur-des-vignes-au-domaine-clos-mirages-7864578\" target=\"_blank\" rel=\"noopener\">r\u00e9servez<\/a><\/div>\n<\/div>\n<\/div>\n<\/div><\/div>\n\n\n\n<div class=\"wp-block-media-text has-media-on-the-right is-stacked-on-mobile\"><div class=\"wp-block-media-text__content\">\n<div class=\"wp-block-group is-layout-constrained wp-block-group-is-layout-constrained\">\n<div class=\"wp-block-group is-layout-constrained wp-block-group-is-layout-constrained\">\n<h3 class=\"wp-block-heading\">Dormir face \u00e0 la mer<\/h3>\n\n\n\n<p class=\"wp-block-paragraph\">Pour ceux qui pr\u00e9f\u00e8rent une arri\u00e8re-saison face \u00e0 la M\u00e9diterran\u00e9e, le <strong>S\u00e9jour vue exceptionnelle face \u00e0 la mer et table gourmande en 4 \u00e9toiles<\/strong>, au Rayol-Canadel-sur-Mer, constitue une seconde option. La formule est propos\u00e9e \u00e0 partir du <strong>13 septembre 2026<\/strong> et comprend une nuit en chambre sup\u00e9rieure, un accueil VIP, un d\u00eener sur place avec une coupe de champagne, le petit-d\u00e9jeuner buffet, l\u2019acc\u00e8s \u00e0 la piscine chauff\u00e9e en saison ainsi qu\u2019un d\u00e9part tardif \u00e0 midi.<\/p>\n\n\n\n<div class=\"wp-block-buttons is-layout-flex wp-block-buttons-is-layout-flex\">\n<div class=\"wp-block-button\"><a class=\"wp-block-button__link wp-element-button\" href=\"https:\/\/www.weekend-provence.fr\/fr\/weekends\/sejour-vue-exceptionnelle-face-a-la-mer-et-table-gourmande-en-4-7426164\" target=\"_blank\" rel=\"noopener\">r\u00e9servez<\/a><\/div>\n<\/div>\n<\/div>\n<\/div>\n<\/div><figure class=\"wp-block-media-text__media\"><img data-dominant-color=\"6998af\" data-has-transparency=\"false\" style=\"--dominant-color: #6998af;\" loading=\"lazy\" decoding=\"async\" width=\"654\" height=\"651\" src=\"https:\/\/www.weekend-provence.fr\/app\/uploads\/2026\/08\/Capture-decran-2026-08-18-095018.webp\" alt=\"\" class=\"wp-image-2615 size-full not-transparent\" srcset=\"https:\/\/www.weekend-provence.fr\/app\/uploads\/2026\/08\/Capture-decran-2026-08-18-095018.webp 654w, https:\/\/www.weekend-provence.fr\/app\/uploads\/2026\/08\/Capture-decran-2026-08-18-095018-300x299.webp 300w\" sizes=\"auto, (max-width: 654px) 100vw, 654px\" \/><\/figure><\/div>\n<\/div>\n","protected":false},"excerpt":{"rendered":"<p>Pour profiter pleinement de l\u2019arri\u00e8re-saison en Provence, trois territoires du Var offrent des ambiances tr\u00e8s diff\u00e9rentes : Est\u00e9rel C\u00f4te d\u2019Azur entre criques et for\u00eats, Provence Verte &amp; Verdon au c\u0153ur de la campagne, et le Golfe de Saint-Tropez c\u00f4t\u00e9 vignes, massif des Maures et M\u00e9diterran\u00e9e. Weekend Provence r\u00e9unit justement des s\u00e9jours dans ces trois destinations&#8230;.<\/p>\n","protected":false},"author":2,"featured_media":2650,"comment_status":"open","ping_status":"open","sticky":false,"template":"","format":"standard","meta":{"_acf_changed":false,"footnotes":""},"categories":[1],"tags":[],"class_list":["post-2605","post","type-post","status-publish","format-standard","has-post-thumbnail","hentry","category-tous-les-articles"],"acf":[],"_links":{"self":[{"href":"https:\/\/www.weekend-provence.fr\/fr\/wp-json\/wp\/v2\/posts\/2605","targetHints":{"allow":["GET"]}}],"collection":[{"href":"https:\/\/www.weekend-provence.fr\/fr\/wp-json\/wp\/v2\/posts"}],"about":[{"href":"https:\/\/www.weekend-provence.fr\/fr\/wp-json\/wp\/v2\/types\/post"}],"author":[{"embeddable":true,"href":"https:\/\/www.weekend-provence.fr\/fr\/wp-json\/wp\/v2\/users\/2"}],"replies":[{"embeddable":true,"href":"https:\/\/www.weekend-provence.fr\/fr\/wp-json\/wp\/v2\/comments?post=2605"}],"version-history":[{"count":4,"href":"https:\/\/www.weekend-provence.fr\/fr\/wp-json\/wp\/v2\/posts\/2605\/revisions"}],"predecessor-version":[{"id":2651,"href":"https:\/\/www.weekend-provence.fr\/fr\/wp-json\/wp\/v2\/posts\/2605\/revisions\/2651"}],"wp:featuredmedia":[{"embeddable":true,"href":"https:\/\/www.weekend-provence.fr\/fr\/wp-json\/wp\/v2\/media\/2650"}],"wp:attachment":[{"href":"https:\/\/www.weekend-provence.fr\/fr\/wp-json\/wp\/v2\/media?parent=2605"}],"wp:term":[{"taxonomy":"category","embeddable":true,"href":"https:\/\/www.weekend-provence.fr\/fr\/wp-json\/wp\/v2\/categories?post=2605"},{"taxonomy":"post_tag","embeddable":true,"href":"https:\/\/www.weekend-provence.fr\/fr\/wp-json\/wp\/v2\/tags?post=2605"}],"curies":[{"name":"wp","href":"https:\/\/api.w.org\/{rel}","templated":true}]}}